{"id":125332,"date":"2026-01-01T10:00:00","date_gmt":"2026-01-01T07:00:00","guid":{"rendered":"https:\/\/kentyasam.com.tr\/wp\/?p=125332"},"modified":"2026-03-09T12:44:43","modified_gmt":"2026-03-09T09:44:43","slug":"nesiller-gelir-gecer","status":"publish","type":"post","link":"https:\/\/kentyasam.com.tr\/wp\/2026\/01\/01\/nesiller-gelir-gecer\/","title":{"rendered":"Nesiller gelir ge\u00e7er"},"content":{"rendered":"\n<p><strong>Ra\u015fel Rakella Asal<\/strong><\/p>\n\n\n\n<p>Her yeni nesil ile birlikte d\u00fcnyay\u0131 g\u00f6rme\u00a0bi\u00e7imi de\u011fi\u015fir. Elbette\u00a0eski olan yerini yeniye\u00a0b\u0131rakmak zorundad\u0131r ve \u00f6nceki nesilde devrim niteli\u011finde olan her \u015fey hemen bir kenara\u00a0at\u0131l\u0131r,\u00a0tarihin \u00e7\u00f6p y\u0131\u011f\u0131n\u0131na. Elbette\u00a0gen\u00e7\u00a0biri ortaya \u00e7\u0131kar,\u00a0fikirlerinin g\u00fcc\u00fcyle \u201cArt\u0131k hepimiz bunu takip edece\u011fiz\u201d diye ilan eder. Bir g\u00f6rev havas\u0131yla,\u00a0ayd\u0131nlar\u0131n\u00a0kibriyle,\u00a0sars\u0131lmaz kesinli\u011fiyle, kendisini \u201cakl\u0131n sahibi\u201d ilan ederek,\u00a0ya\u015fl\u0131 nesilden\u00a0daha fazlas\u0131n\u0131 bilerek.<\/p>\n\n\n\n<p>Bug\u00fcn\u00fcn gen\u00e7leri eski nesli geri kalm\u0131\u015f olarak nitelendirirken, on ya da on be\u015f y\u0131l sonra kendi&nbsp;devirlerinin de o yanl\u0131\u015f anla\u015f\u0131lm\u0131\u015f ya\u015fl\u0131lar&nbsp;olacaklar\u0131n\u0131 hayal bile edemezler. Yar\u0131n\u0131n ya\u015fl\u0131lar\u0131 olacak bug\u00fcn\u00fcn gen\u00e7leri geriye bak\u0131p \u015f\u00f6yle d\u00fc\u015f\u00fcnecekler:<\/p>\n\n\n\n<p><em>\u201cNe demek benim bak\u0131\u015f a\u00e7\u0131m yanl\u0131\u015f?&nbsp;Benim zaman\u0131mda bu \u00e7ok yenilik\u00e7iydi!&nbsp;Bizler de bir zamanlar gen\u00e7tik.\u201d<\/em><\/p>\n\n\n\n<p><em>\u201cAh, benim zaman\u0131mda -\u00e7\u00fcnk\u00fc \u015fimdi ben gen\u00e7lerin g\u00f6z\u00fcnde ya\u015fl\u0131 biriyim- bizler, sessizce, neredeyse her zaman sessizce b\u00fcy\u00fcklerimizin izinden gittik. Gen\u00e7 ve aptald\u0131k; kimse bize ger\u00e7ekten de\u011fer vermiyordu. Seslerimiz orada kald\u0131, \u00e7ekingen, boyun e\u011fmi\u015f&nbsp;olarak. Bug\u00fcn? Bug\u00fcn, gen\u00e7ler sonunda galip geldi. Toplum onlar\u0131n fikirlerine boyun e\u011fiyor \u2013&nbsp;Toplum&nbsp;aksini d\u00fc\u015f\u00fcnse bile gen\u00e7lere de\u011fer veriyor, gen\u00e7 fikirler onaylan\u0131yor.&nbsp;Ah,&nbsp;yaz\u0131klar&nbsp;olsun, t\u00fcm g\u00fcc\u00fcmle gen\u00e7tim, ama yanl\u0131\u015f zamanda!\u201d&nbsp;<\/em><\/p>\n\n\n\n<p>Bu gibi yak\u0131nmalar&nbsp;ya\u015fl\u0131lar\u0131n s\u00f6yledi\u011fi t\u00fcrden&nbsp;s\u00f6zler.&nbsp;<\/p>\n\n\n\n<p>Ben ya\u015fl\u0131l\u0131k \u00e7a\u011f\u0131na ula\u015fm\u0131\u015f&nbsp;biri&nbsp;olarak gen\u00e7lere&nbsp;\u015f\u00f6yle seslenmek&nbsp;istiyorum:<\/p>\n\n\n\n<p><em>\u201cSevgili gen\u00e7ler, inan\u0131lmaz fikirlerinizin tad\u0131n\u0131 \u00e7\u0131kar\u0131n. Her an\u0131n keyfini \u00e7\u0131kar\u0131n. \u00c7\u00fcnk\u00fc \u00e7ok yak\u0131nda -ve \u00e7ok derken, ger\u00e7ekten \u00e7ok demek istiyorum- t\u00fcm bunlar sona erecek. Ve siz orada, bir sandalyede oturmu\u015f, bir \u015feyler okuyacak, bir \u015feyler izleyecek ve \u015f\u00f6yle d\u00fc\u015f\u00fcneceksiniz:&nbsp;Ama bu ne zaman oldu? Neden art\u0131k kabul edilemez hale geldi?\u201d<\/em><\/p>\n\n\n\n<p>Bir&nbsp;g\u00fcn&nbsp;gelecek&nbsp;hepiniz d\u00fcnyan\u0131n ya\u015fl\u0131lar\u0131&nbsp;olacaks\u0131n\u0131z.<\/p>\n\n\n\n<p>Her nesil d\u00fcnyay\u0131&nbsp;kendi tarihsel ko\u015fullar\u0131 i\u00e7inde \u00f6\u011frenir.&nbsp;Ku\u015fkusuz alg\u0131 bi\u00e7imleri de\u011fi\u015fir,&nbsp;d\u00fcnya ayn\u0131 kalmaz.&nbsp;D\u00fcnya de\u011fi\u015fti\u011fi i\u00e7in de\u011fil, d\u00fcnyay\u0131 alg\u0131lama ara\u00e7lar\u0131m\u0131z de\u011fi\u015fti\u011fi i\u00e7in eski bak\u0131\u015flar i\u015flevsiz g\u00f6r\u00fcn\u00fcr.&nbsp;Gen\u00e7ler eski nesli geri kalm\u0131\u015f ilan ederek yaln\u0131zca ele\u015ftirmez, ondan kurtulmaya \u00e7al\u0131\u015f\u0131r. Onlar i\u00e7in eski nesil dura\u011fanl\u0131kt\u0131r.&nbsp;<\/p>\n\n\n\n<p>Eski nesil ger\u00e7ekten geri mi kalm\u0131\u015ft\u0131r, yoksa art\u0131k ge\u00e7erli olmayan bir d\u00fcnyan\u0131n bilgisini mi ta\u015f\u0131maktad\u0131r?&nbsp;Bu y\u00fczden gen\u00e7lerin \u201cgeri kalm\u0131\u015f\u201d dedi\u011fi \u015fey \u00e7o\u011fu zaman bir&nbsp;uyumsuzluktur; teknolojiyle, dille, h\u0131zla, devinen bir d\u00fcnyayla. Bu de\u011fer yarg\u0131s\u0131ndan \u00e7ok&nbsp;ya\u015fam\u0131n farkl\u0131 ritmidir.<\/p>\n\n\n\n<p>Gen\u00e7ler i\u00e7in geri kalm\u0131\u015fl\u0131k,&nbsp;\u201cSen eskisin,&nbsp;s\u00f6z hakk\u0131 art\u0131k bende\u201d demektir.&nbsp;Her nesil bir \u00f6ncekini geri kalm\u0131\u015f sayar; \u00e7\u00fcnk\u00fc kimse kendi eskime ihtimalini kabul etmek istemez. Oysa mesele geri kalmak de\u011fil, ya\u015fama hangi h\u0131zla tutunabildi\u011fimizdir.&nbsp;<\/p>\n\n\n\n<p>Her yeni nesille&nbsp;zamanla kurdu\u011fumuz ili\u015fki de\u011fi\u015fir.&nbsp;Eski nesil zaman\u0131&nbsp;biriktirerek,&nbsp;hat\u0131rlayarak ya\u015far. Hat\u0131rlamak zaman ister, durmay\u0131, bakmay\u0131, d\u00fc\u015f\u00fcnmeyi gerektirir.&nbsp;Haf\u0131za onlar i\u00e7in bir y\u00fck de\u011fil, y\u00f6n duygusudur. Ge\u00e7mi\u015f, bug\u00fcn\u00fc a\u00e7\u0131klayan bir referans noktas\u0131d\u0131r.&nbsp;<\/p>\n\n\n\n<p>Gen\u00e7ler i\u00e7in eski neslin deneyimi yol g\u00f6sterici olmaktan \u00e7ok s\u0131n\u0131rlay\u0131c\u0131d\u0131r; \u00e7\u00fcnk\u00fc o deneyim ba\u015fka bir zamana aittir. Eski ku\u015fak, art\u0131k var olmayan bir d\u00fcnyan\u0131n reflekslerini ta\u015f\u0131r. Bu fark, \u00fcst\u00fcnl\u00fck de\u011fil, tarihsel bir ayr\u0131md\u0131r.&nbsp;Her nesil bir \u00f6ncekinin haf\u0131zas\u0131n\u0131 ta\u015f\u0131yamaz. \u00c7\u00fcnk\u00fc haf\u0131za, yaln\u0131zca hat\u0131rlanan de\u011fil,&nbsp;ta\u015f\u0131nabilen&nbsp;bir \u015feydir.&nbsp;<\/p>\n\n\n\n<p>Annemin \u00e7ekmecesinde sararm\u0131\u015f bir foto\u011fraf vard\u0131.&nbsp;Kenar\u0131 k\u0131vr\u0131lm\u0131\u015f, arkas\u0131na&nbsp;kur\u015fun kalemle tarih at\u0131lm\u0131\u015f.&nbsp;Foto\u011fraftaki insanlar bana bakm\u0131yor; sanki zamana bak\u0131yorlard\u0131.&nbsp;Poz vermiyorlar, bekliyorlard\u0131.&nbsp;Anneme&nbsp;foto\u011fraf\u0131&nbsp;g\u00f6sterdi\u011fimde i\u00e7 ge\u00e7irerek,&nbsp;\u201cO&nbsp;g\u00fcn \u00e7ok s\u0131cakt\u0131\u201d&nbsp;demi\u015f,&nbsp;fazla bilgi vermemi\u015fti. Sanki foto\u011fraf\u0131n i\u00e7indeki herkes h\u00e2l\u00e2 o s\u0131ca\u011f\u0131n i\u00e7indeymi\u015f gibi.&nbsp;<\/p>\n\n\n\n<p>O g\u00fcn&nbsp;bu c\u00fcmleyi anlams\u0131z bulmu\u015ftum.&nbsp;Niye hik\u00e2yeyi&nbsp;ilerletmemi\u015fti?&nbsp;\u015eimdi anl\u0131yorum: Annem&nbsp;zaman\u0131 orada tutuyordu.&nbsp;Foto\u011frafa, hat\u0131raya, ayn\u0131 c\u00fcmleye&nbsp;tak\u0131l\u0131p kalm\u0131\u015ft\u0131.&nbsp;<\/p>\n\n\n\n<p>\u015eimdi fark ediyorum,&nbsp;baz\u0131 \u015feyler vard\u0131r:&nbsp;Ancak durunca g\u00f6r\u00fcn\u00fcr.&nbsp;Sararm\u0131\u015f bir foto\u011fraf gibi.&nbsp;H\u00e2l\u00e2 s\u0131cak olan bir g\u00fcn gibi.<\/p>\n<h3>Related Images:<\/h3>","protected":false},"excerpt":{"rendered":"<div class=\"mh-excerpt\"><p>Ra\u015fel Rakella Asal Her yeni nesil ile birlikte d\u00fcnyay\u0131 g\u00f6rme\u00a0bi\u00e7imi de\u011fi\u015fir. Elbette\u00a0eski olan yerini yeniye\u00a0b\u0131rakmak zorundad\u0131r ve \u00f6nceki nesilde devrim niteli\u011finde olan her \u015fey hemen <a class=\"mh-excerpt-more\" href=\"https:\/\/kentyasam.com.tr\/wp\/2026\/01\/01\/nesiller-gelir-gecer\/\" title=\"Nesiller gelir ge\u00e7er\">[&#8230;]<\/a><\/p>\n<\/div>","protected":false},"author":1,"featured_media":125333,"comment_status":"closed","ping_status":"open","sticky":false,"template":"","format":"standard","meta":{"ngg_post_thumbnail":0,"footnotes":""},"categories":[49],"tags":[],"_links":{"self":[{"href":"https:\/\/kentyasam.com.tr\/wp\/wp-json\/wp\/v2\/posts\/125332"}],"collection":[{"href":"https:\/\/kentyasam.com.tr\/wp\/wp-json\/wp\/v2\/posts"}],"about":[{"href":"https:\/\/kentyasam.com.tr\/wp\/wp-json\/wp\/v2\/types\/post"}],"author":[{"embeddable":true,"href":"https:\/\/kentyasam.com.tr\/wp\/wp-json\/wp\/v2\/users\/1"}],"replies":[{"embeddable":true,"href":"https:\/\/kentyasam.com.tr\/wp\/wp-json\/wp\/v2\/comments?post=125332"}],"version-history":[{"count":2,"href":"https:\/\/kentyasam.com.tr\/wp\/wp-json\/wp\/v2\/posts\/125332\/revisions"}],"predecessor-version":[{"id":125778,"href":"https:\/\/kentyasam.com.tr\/wp\/wp-json\/wp\/v2\/posts\/125332\/revisions\/125778"}],"wp:featuredmedia":[{"embeddable":true,"href":"https:\/\/kentyasam.com.tr\/wp\/wp-json\/wp\/v2\/media\/125333"}],"wp:attachment":[{"href":"https:\/\/kentyasam.com.tr\/wp\/wp-json\/wp\/v2\/media?parent=125332"}],"wp:term":[{"taxonomy":"category","embeddable":true,"href":"https:\/\/kentyasam.com.tr\/wp\/wp-json\/wp\/v2\/categories?post=125332"},{"taxonomy":"post_tag","embeddable":true,"href":"https:\/\/kentyasam.com.tr\/wp\/wp-json\/wp\/v2\/tags?post=125332"}],"curies":[{"name":"wp","href":"https:\/\/api.w.org\/{rel}","templated":true}]}}