{"id":10439,"date":"2007-11-24T00:00:00","date_gmt":"2007-11-24T00:00:00","guid":{"rendered":"http:\/\/kentyasam.com.tr\/wp\/?p=10439"},"modified":"2007-11-24T00:00:00","modified_gmt":"2007-11-24T00:00:00","slug":"cocuk-haklari-gunu-etkinliklerle-kutlandi","status":"publish","type":"post","link":"https:\/\/kentyasam.com.tr\/wp\/2007\/11\/24\/cocuk-haklari-gunu-etkinliklerle-kutlandi\/","title":{"rendered":"\u00c7ocuk Haklar\u0131 G\u00fcn\u00fc etkinliklerle kutland\u0131"},"content":{"rendered":"Konak Belediyesi, Kar\u015f\u0131yaka \u00c7ocuk ve Gen\u00e7lik Merkezi ile Necdet Alpar \u00c7ocuk ve Gen\u00e7lik Merkezi&#8217;nin ortakla\u015fa d\u00fczenledi\u011fi D\u00fcnya \u00c7ocuk Haklar\u0131 G\u00fcn\u00fc etkinlikleri Konak Belediyesi Alsancak K\u00fclt\u00fcr Merkezi&#8217;nde yap\u0131ld\u0131. A\u00e7\u0131l\u0131\u015fa Konak Belediye Ba\u015fkan\u0131 Ali Muzaffer Tun\u00e7a\u011f, PEN Yazarlar Derne\u011fi Ba\u015fkan\u0131 Tar\u0131k G\u00fcnersel, \u015eair Ataol Berhamo\u011flu, \u00e7ocuklar ve aileleri kat\u0131ld\u0131. Gen\u00e7lerin kendilerini ilgilendiren konular\u0131 \u00e7ok iyi bilmeleri gerekti\u011fini belirten Muzaffer Tun\u00e7a\u011f, &#8220;Bu haklar\u0131n \u00f6\u011fretilmesinde ailelere ve \u00f6\u011fretmenlere \u00e7ok i\u015f d\u00fc\u015f\u00fcyor&#8221; dedi. Ailelerin yo\u011fun kat\u0131l\u0131m\u0131yla ger\u00e7ekle\u015fen etkinliklerde Tun\u00e7a\u011f ve yazarlar \u00e7ocuklarla birlikte resim ve foto\u011fraf sergisini gezdi. 50 foto\u011fraf ve resmin bulundu\u011fu serginin ard\u0131ndan 40 tiyatro merakl\u0131s\u0131 \u00e7ocu\u011fun oynad\u0131\u011f\u0131 ve Polat \u0130nang\u00fcn&#8217;\u00fcn y\u00f6netti\u011fi &#8220;Bir \u00c7ocuk A\u011fl\u0131yor&#8221; oyununu sahnelendi. Naz\u0131m Hikmet&#8217;in \u015fiirlerinden b\u00f6l\u00fcmlerin de bulundu\u011fu oyun ilgiyle izlendi. Oyununun ard\u0131ndan \u00e7ocuklara bir de \u00e7ocuk haklar\u0131 bildirgesi hediye edildi.<h3>Related Images:<\/h3>","protected":false},"excerpt":{"rendered":"<div class=\"mh-excerpt\"><p>Konak Belediyesi, Kar\u015f\u0131yaka \u00c7ocuk ve Gen\u00e7lik Merkezi ile Necdet Alpar \u00c7ocuk ve Gen\u00e7lik Merkezi&#8217;nin ortakla\u015fa d\u00fczenledi\u011fi D\u00fcnya \u00c7ocuk Haklar\u0131 G\u00fcn\u00fc etkinlikleri Konak Belediyesi Alsancak K\u00fclt\u00fcr <a class=\"mh-excerpt-more\" href=\"https:\/\/kentyasam.com.tr\/wp\/2007\/11\/24\/cocuk-haklari-gunu-etkinliklerle-kutlandi\/\" title=\"\u00c7ocuk Haklar\u0131 G\u00fcn\u00fc etkinliklerle kutland\u0131\">[&#8230;]<\/a><\/p>\n<\/div>","protected":false},"author":1,"featured_media":34794,"comment_status":"open","ping_status":"open","sticky":false,"template":"","format":"standard","meta":{"ngg_post_thumbnail":0,"footnotes":""},"categories":[1],"tags":[],"_links":{"self":[{"href":"https:\/\/kentyasam.com.tr\/wp\/wp-json\/wp\/v2\/posts\/10439"}],"collection":[{"href":"https:\/\/kentyasam.com.tr\/wp\/wp-json\/wp\/v2\/posts"}],"about":[{"href":"https:\/\/kentyasam.com.tr\/wp\/wp-json\/wp\/v2\/types\/post"}],"author":[{"embeddable":true,"href":"https:\/\/kentyasam.com.tr\/wp\/wp-json\/wp\/v2\/users\/1"}],"replies":[{"embeddable":true,"href":"https:\/\/kentyasam.com.tr\/wp\/wp-json\/wp\/v2\/comments?post=10439"}],"version-history":[{"count":0,"href":"https:\/\/kentyasam.com.tr\/wp\/wp-json\/wp\/v2\/posts\/10439\/revisions"}],"wp:featuredmedia":[{"embeddable":true,"href":"https:\/\/kentyasam.com.tr\/wp\/wp-json\/wp\/v2\/media\/34794"}],"wp:attachment":[{"href":"https:\/\/kentyasam.com.tr\/wp\/wp-json\/wp\/v2\/media?parent=10439"}],"wp:term":[{"taxonomy":"category","embeddable":true,"href":"https:\/\/kentyasam.com.tr\/wp\/wp-json\/wp\/v2\/categories?post=10439"},{"taxonomy":"post_tag","embeddable":true,"href":"https:\/\/kentyasam.com.tr\/wp\/wp-json\/wp\/v2\/tags?post=10439"}],"curies":[{"name":"wp","href":"https:\/\/api.w.org\/{rel}","templated":true}]}}