{"id":10417,"date":"2007-11-25T00:00:00","date_gmt":"2007-11-25T00:00:00","guid":{"rendered":"http:\/\/kentyasam.com.tr\/wp\/?p=10417"},"modified":"2007-11-25T00:00:00","modified_gmt":"2007-11-25T00:00:00","slug":"2-dikili-cocuk-senlikleri-sona-erdi","status":"publish","type":"post","link":"https:\/\/kentyasam.com.tr\/wp\/2007\/11\/25\/2-dikili-cocuk-senlikleri-sona-erdi\/","title":{"rendered":"2. Dikili \u00c7ocuk \u015eenlikleri sona erdi"},"content":{"rendered":"Dikili Belediyesi ve \u0130l\u00e7e Milli E\u011fitim M\u00fcd\u00fcrl\u00fc\u011f\u00fc&#8217;n\u00fcn d\u00fczenledi\u011fi 2.Dikili \u00c7ocuk \u015eenlikleri&#8221; kapsam\u0131nda \u0130stanbul \u00c7ocuk Filmleri Festivali (\u0130\u0130CFF) i\u015fbirli\u011fiyle d\u00fczenlenen \u0093Dikili \u00c7ocuk Filmleri \u015eenli\u011fi&#8221; sona erdi. Ana temas\u0131 \u0093\u00c7ocuklarda Olumlu Ayr\u0131mc\u0131l\u0131k&#8221; olan \u015fenlikler \u00e7ocuklardan b\u00fcy\u00fck ilgi g\u00f6rd\u00fc. Dikili \u00c7ocuk Filmleri \u015eenli\u011fi&#8217;nde Uluslararas\u0131 \u0130stanbul \u00c7ocuk Filmleri Festivali&#8217;nde \u0093K\u00fc\u00e7\u00fck sinemac\u0131lardan b\u00fcy\u00fck filmler&#8221; yar\u0131\u015fmas\u0131nda \u00f6d\u00fcl alan 12 filmin g\u00f6sterildi. Dikili Belediye Ba\u015fkan\u0131 Osman \u00d6zg\u00fcven, &#8220;Bu y\u0131l ikincisini d\u00fczenledi\u011fimiz \u00c7ocuk Haklar\u0131 Haftas\u0131 etkinlikleri \u00e7ocuklara y\u00f6nelik olumlu ayr\u0131mc\u0131l\u0131k ana temas\u0131 \u00fczerinden ger\u00e7ekle\u015fti. \u00c7ocuklara y\u00f6nelik \u015fiddet, sava\u015f istemiyoruz, bar\u0131\u015f istiyoruz, daha ya\u015fanabilir d\u00fcnya istiyoruz&#8221; dedi. \u015eenlik boyunca ilk\u00f6\u011fretim okulu \u00e7ocuklar\u0131n\u0131n resim sergileriye \u00c7ocuk Haklar\u0131 Satran\u00e7 Turnuvas\u0131 ve \u00c7ocuk Haklar\u0131 Bisiklet Turu yap\u0131ld\u0131. (Oben Ulu \/ Dikili)<h3>Related Images:<\/h3>","protected":false},"excerpt":{"rendered":"<div class=\"mh-excerpt\"><p>Dikili Belediyesi ve \u0130l\u00e7e Milli E\u011fitim M\u00fcd\u00fcrl\u00fc\u011f\u00fc&#8217;n\u00fcn d\u00fczenledi\u011fi 2.Dikili \u00c7ocuk \u015eenlikleri&#8221; kapsam\u0131nda \u0130stanbul \u00c7ocuk Filmleri Festivali (\u0130\u0130CFF) i\u015fbirli\u011fiyle d\u00fczenlenen \u0093Dikili \u00c7ocuk Filmleri \u015eenli\u011fi&#8221; sona erdi. <a class=\"mh-excerpt-more\" href=\"https:\/\/kentyasam.com.tr\/wp\/2007\/11\/25\/2-dikili-cocuk-senlikleri-sona-erdi\/\" title=\"2. Dikili \u00c7ocuk \u015eenlikleri sona erdi\">[&#8230;]<\/a><\/p>\n<\/div>","protected":false},"author":1,"featured_media":34773,"comment_status":"open","ping_status":"open","sticky":false,"template":"","format":"standard","meta":{"ngg_post_thumbnail":0,"footnotes":""},"categories":[1],"tags":[],"_links":{"self":[{"href":"https:\/\/kentyasam.com.tr\/wp\/wp-json\/wp\/v2\/posts\/10417"}],"collection":[{"href":"https:\/\/kentyasam.com.tr\/wp\/wp-json\/wp\/v2\/posts"}],"about":[{"href":"https:\/\/kentyasam.com.tr\/wp\/wp-json\/wp\/v2\/types\/post"}],"author":[{"embeddable":true,"href":"https:\/\/kentyasam.com.tr\/wp\/wp-json\/wp\/v2\/users\/1"}],"replies":[{"embeddable":true,"href":"https:\/\/kentyasam.com.tr\/wp\/wp-json\/wp\/v2\/comments?post=10417"}],"version-history":[{"count":0,"href":"https:\/\/kentyasam.com.tr\/wp\/wp-json\/wp\/v2\/posts\/10417\/revisions"}],"wp:featuredmedia":[{"embeddable":true,"href":"https:\/\/kentyasam.com.tr\/wp\/wp-json\/wp\/v2\/media\/34773"}],"wp:attachment":[{"href":"https:\/\/kentyasam.com.tr\/wp\/wp-json\/wp\/v2\/media?parent=10417"}],"wp:term":[{"taxonomy":"category","embeddable":true,"href":"https:\/\/kentyasam.com.tr\/wp\/wp-json\/wp\/v2\/categories?post=10417"},{"taxonomy":"post_tag","embeddable":true,"href":"https:\/\/kentyasam.com.tr\/wp\/wp-json\/wp\/v2\/tags?post=10417"}],"curies":[{"name":"wp","href":"https:\/\/api.w.org\/{rel}","templated":true}]}}