{"id":10414,"date":"2007-11-23T00:00:00","date_gmt":"2007-11-23T00:00:00","guid":{"rendered":"http:\/\/kentyasam.com.tr\/wp\/?p=10414"},"modified":"2007-11-23T00:00:00","modified_gmt":"2007-11-23T00:00:00","slug":"madenciligin-ekonomideki-yeri-tartisilacak","status":"publish","type":"post","link":"https:\/\/kentyasam.com.tr\/wp\/2007\/11\/23\/madenciligin-ekonomideki-yeri-tartisilacak\/","title":{"rendered":"Madencili\u011fin ekonomideki yeri tart\u0131\u015f\u0131lacak"},"content":{"rendered":"Ege Maden \u0130hracat\u00e7\u0131lar\u0131 Birli\u011fi&#8217;nin &#8220;Madencili\u011fin Ekonomideki Yeri&#8221; konulu toplant\u0131s\u0131 Afyon&#8217;da d\u00fczenleniyor. Sekt\u00f6r temsilcilerini bir araya getirecek toplant\u0131da Ege Maden \u0130hracat\u00e7\u0131lar\u0131 Birli\u011fi Ba\u015fkan\u0131 Osman Erdin\u00e7, &#8220;Madencilik Sekt\u00f6r\u00fcn\u00fcn T\u00fcrk Ekonomisindeki Yeri&#8221;, \u00c7evre ve Orman Bakanl\u0131\u011f\u0131 \u015eube M\u00fcd\u00fcr\u00fc O\u011fuz G\u00fcneri, &#8220;Maden ve \u00c7evre \u0130li\u015fkileri, Madencili\u011fin \u00c7evreye Katk\u0131lar\u0131&#8221;, Prof. Dr. G\u00fcng\u00f6r Uras da &#8220;Y\u00fcksek Faiz, D\u00fc\u015f\u00fck D\u00f6viz Kuru Uygulamas\u0131n\u0131n Madencilik Sekt\u00f6r\u00fcne Etkileri&#8221; konusunda g\u00f6r\u00fc\u015flerini bildirecek. Toplant\u0131da sekt\u00f6r temsilcilerinin yan\u0131 s\u0131ra \u0130scehisar, Afyon Bo\u011faz, Burdur, Denizli, \u0130stanbul, \u0130zmir, Mu\u011fla ve Sivas Mermerciler Derne\u011fi Ba\u015fkanlar\u0131 da sekt\u00f6re ili\u015fkin sorunlar\u0131 ve \u00e7\u00f6z\u00fcm \u00f6nerilerini dile getirecek. \u0130kbal Termal Otel&#8217;de d\u00fczenlenen toplant\u0131 sonras\u0131 Afyon&#8217;da en fazla ihracat yapan on firmaya plaketleri verilecek. (Saadet Erciyas \/ Afyon)<h3>Related Images:<\/h3>","protected":false},"excerpt":{"rendered":"<div class=\"mh-excerpt\"><p>Ege Maden \u0130hracat\u00e7\u0131lar\u0131 Birli\u011fi&#8217;nin &#8220;Madencili\u011fin Ekonomideki Yeri&#8221; konulu toplant\u0131s\u0131 Afyon&#8217;da d\u00fczenleniyor. Sekt\u00f6r temsilcilerini bir araya getirecek toplant\u0131da Ege Maden \u0130hracat\u00e7\u0131lar\u0131 Birli\u011fi Ba\u015fkan\u0131 Osman Erdin\u00e7, &#8220;Madencilik <a class=\"mh-excerpt-more\" href=\"https:\/\/kentyasam.com.tr\/wp\/2007\/11\/23\/madenciligin-ekonomideki-yeri-tartisilacak\/\" title=\"Madencili\u011fin ekonomideki yeri tart\u0131\u015f\u0131lacak\">[&#8230;]<\/a><\/p>\n<\/div>","protected":false},"author":1,"featured_media":34770,"comment_status":"open","ping_status":"open","sticky":false,"template":"","format":"standard","meta":{"ngg_post_thumbnail":0,"footnotes":""},"categories":[1],"tags":[],"_links":{"self":[{"href":"https:\/\/kentyasam.com.tr\/wp\/wp-json\/wp\/v2\/posts\/10414"}],"collection":[{"href":"https:\/\/kentyasam.com.tr\/wp\/wp-json\/wp\/v2\/posts"}],"about":[{"href":"https:\/\/kentyasam.com.tr\/wp\/wp-json\/wp\/v2\/types\/post"}],"author":[{"embeddable":true,"href":"https:\/\/kentyasam.com.tr\/wp\/wp-json\/wp\/v2\/users\/1"}],"replies":[{"embeddable":true,"href":"https:\/\/kentyasam.com.tr\/wp\/wp-json\/wp\/v2\/comments?post=10414"}],"version-history":[{"count":0,"href":"https:\/\/kentyasam.com.tr\/wp\/wp-json\/wp\/v2\/posts\/10414\/revisions"}],"wp:featuredmedia":[{"embeddable":true,"href":"https:\/\/kentyasam.com.tr\/wp\/wp-json\/wp\/v2\/media\/34770"}],"wp:attachment":[{"href":"https:\/\/kentyasam.com.tr\/wp\/wp-json\/wp\/v2\/media?parent=10414"}],"wp:term":[{"taxonomy":"category","embeddable":true,"href":"https:\/\/kentyasam.com.tr\/wp\/wp-json\/wp\/v2\/categories?post=10414"},{"taxonomy":"post_tag","embeddable":true,"href":"https:\/\/kentyasam.com.tr\/wp\/wp-json\/wp\/v2\/tags?post=10414"}],"curies":[{"name":"wp","href":"https:\/\/api.w.org\/{rel}","templated":true}]}}