{"id":10380,"date":"2007-11-17T00:00:00","date_gmt":"2007-11-17T00:00:00","guid":{"rendered":"http:\/\/kentyasam.com.tr\/wp\/?p=10380"},"modified":"2007-11-17T00:00:00","modified_gmt":"2007-11-17T00:00:00","slug":"2007-tudem-edebiyat-odulleri-sahiplerini-buldu","status":"publish","type":"post","link":"https:\/\/kentyasam.com.tr\/wp\/2007\/11\/17\/2007-tudem-edebiyat-odulleri-sahiplerini-buldu\/","title":{"rendered":"2007 Tudem Edebiyat \u00d6d\u00fclleri sahiplerini buldu"},"content":{"rendered":"2007 Tudem Edebiyat \u00d6d\u00fclleri, 26. T\u00fcyap Kitap Fuar\u0131\u0092n\u0131n a\u00e7\u0131l\u0131\u015f g\u00fcn\u00fcnde d\u00fczenlenen bir \u00f6d\u00fcl t\u00f6reniyle sahiplerini buldu. Sunuculu\u011funu, \u00e7ocuk edebiyat\u0131n\u0131n \u00f6nde gelen kalemlerinden Mavisel Yener\u0092in \u00fcstlendi\u011fi t\u00f6rende, \u00f6d\u00fcl alan eserler ve sahipleriyle ilgili g\u00f6rsel bir sunum da ger\u00e7ekle\u015ftirildi. Yar\u0131\u015fman\u0131n se\u00e7ici kurulunda, \u00e7ocuk edebiyat\u0131n\u0131n usta isimleri yer ald\u0131. Behi\u00e7 Ak, Prof. Dr. Nazan Erkmen, Can G\u00f6knil, Aysel G\u00fcrmen ve Bet\u00fcl Say\u0131n\u0092dan olu\u015fan kurul, birincilik \u00f6d\u00fcl\u00fcne \u0093Noktac\u0131k\u0094 adl\u0131 eseri lay\u0131k g\u00f6rd\u00fc. Eseri Seza Kutlar Aksoy yazd\u0131,  Saadet Ceylan da resimledi. \u0130kincilik \u00f6d\u00fcl\u00fcn\u00fc alan \u0093\u0130skarpin Amca\u0094 adl\u0131 eser, Elif \u015eim\u015fek taraf\u0131ndan yaz\u0131ld\u0131 ve G\u00f6zde Kayabeyo\u011flu taraf\u0131ndan haz\u0131rland\u0131. Sedat Girgin\u0092in resimledi\u011fi ve Suna D\u00f6lek\u0092in yazd\u0131\u011f\u0131 \u0093Kar\u0131ncan\u0131n Karde\u015fi\u0094 ise \u00fc\u00e7\u00fcnc\u00fcl\u00fck \u00f6d\u00fcl\u00fcne lay\u0131k g\u00f6r\u00fcld\u00fc. Yar\u0131\u015fmada Ferit Avc\u0131&#8217;n\u0131 yaz\u0131p \u00e7izdi\u011fi \u0093Benim Minik K\u0131rm\u0131z\u0131 Bal\u0131\u011f\u0131m\u0094 adl\u0131 eserin mansiyon \u00f6d\u00fcl\u00fcn\u00fc kazand\u0131.<h3>Related Images:<\/h3>","protected":false},"excerpt":{"rendered":"<div class=\"mh-excerpt\"><p>2007 Tudem Edebiyat \u00d6d\u00fclleri, 26. T\u00fcyap Kitap Fuar\u0131\u0092n\u0131n a\u00e7\u0131l\u0131\u015f g\u00fcn\u00fcnde d\u00fczenlenen bir \u00f6d\u00fcl t\u00f6reniyle sahiplerini buldu. Sunuculu\u011funu, \u00e7ocuk edebiyat\u0131n\u0131n \u00f6nde gelen kalemlerinden Mavisel Yener\u0092in \u00fcstlendi\u011fi <a class=\"mh-excerpt-more\" href=\"https:\/\/kentyasam.com.tr\/wp\/2007\/11\/17\/2007-tudem-edebiyat-odulleri-sahiplerini-buldu\/\" title=\"2007 Tudem Edebiyat \u00d6d\u00fclleri sahiplerini buldu\">[&#8230;]<\/a><\/p>\n<\/div>","protected":false},"author":1,"featured_media":34742,"comment_status":"open","ping_status":"open","sticky":false,"template":"","format":"standard","meta":{"ngg_post_thumbnail":0,"footnotes":""},"categories":[1],"tags":[],"_links":{"self":[{"href":"https:\/\/kentyasam.com.tr\/wp\/wp-json\/wp\/v2\/posts\/10380"}],"collection":[{"href":"https:\/\/kentyasam.com.tr\/wp\/wp-json\/wp\/v2\/posts"}],"about":[{"href":"https:\/\/kentyasam.com.tr\/wp\/wp-json\/wp\/v2\/types\/post"}],"author":[{"embeddable":true,"href":"https:\/\/kentyasam.com.tr\/wp\/wp-json\/wp\/v2\/users\/1"}],"replies":[{"embeddable":true,"href":"https:\/\/kentyasam.com.tr\/wp\/wp-json\/wp\/v2\/comments?post=10380"}],"version-history":[{"count":0,"href":"https:\/\/kentyasam.com.tr\/wp\/wp-json\/wp\/v2\/posts\/10380\/revisions"}],"wp:featuredmedia":[{"embeddable":true,"href":"https:\/\/kentyasam.com.tr\/wp\/wp-json\/wp\/v2\/media\/34742"}],"wp:attachment":[{"href":"https:\/\/kentyasam.com.tr\/wp\/wp-json\/wp\/v2\/media?parent=10380"}],"wp:term":[{"taxonomy":"category","embeddable":true,"href":"https:\/\/kentyasam.com.tr\/wp\/wp-json\/wp\/v2\/categories?post=10380"},{"taxonomy":"post_tag","embeddable":true,"href":"https:\/\/kentyasam.com.tr\/wp\/wp-json\/wp\/v2\/tags?post=10380"}],"curies":[{"name":"wp","href":"https:\/\/api.w.org\/{rel}","templated":true}]}}