{"id":10364,"date":"2007-11-17T00:00:00","date_gmt":"2007-11-17T00:00:00","guid":{"rendered":"http:\/\/kentyasam.com.tr\/wp\/?p=10364"},"modified":"2007-11-17T00:00:00","modified_gmt":"2007-11-17T00:00:00","slug":"kuresel-eylem-grubu-aliaga-icin-toplanacak","status":"publish","type":"post","link":"https:\/\/kentyasam.com.tr\/wp\/2007\/11\/17\/kuresel-eylem-grubu-aliaga-icin-toplanacak\/","title":{"rendered":"K\u00fcresel Eylem Grubu Alia\u011fa i\u00e7in toplanacak"},"content":{"rendered":"K\u00fcresel Eylem Grubu (KEG) \u0130zmir&#8217;de &#8220;K\u00fcresel Is\u0131nma ve Alia\u011fa Termik santrali&#8221; konulu bir toplant\u0131 d\u00fczenliyor. 24 Kas\u0131m Cumartesi \u0130g\u00fcn\u00fc saat 13.30&#8217;da \u00c7ankaya&#8217;da Ahet Piri\u015ftina Kent Ar\u015fivi ve M\u00fczesi&#8217;nde d\u00fczenlenecek toplant\u0131ya konu\u015fmac\u0131 olarak Ege \u00dcniversitesi Peyzaj Mimarl\u0131\u011f\u0131 B\u00f6l\u00fcm\u00fc \u00d6\u011fretim \u00dcyesi Prof. Dr. \u00dcmit Erdem, KEG Aktivisti Avi Haligva, Ye\u015filler E\u015fs\u00f6zc\u00fcs\u00fc Bilge Contepe, Ziraat M\u00fchendisleri Odas\u0131 Y\u00f6netim Kurulu \u00dcyesi Rezzan Karabulut kat\u0131lacak. T\u00fcm Alia\u011fal\u0131lar\u0131 toplant\u0131ya kat\u0131lmaya \u00e7a\u011f\u0131ran KEG Aktivisti Ersin Damar, k\u00fcresel \u0131s\u0131nman\u0131n acil olarak durdurulmas\u0131 gerekti\u011fini s\u00f6yledi. Alia\u011fa Termik Santrali&#8217;nin konu olaca\u011f\u0131 toplant\u0131ya herkesin kat\u0131lmas\u0131 gerekti\u011fini vurgulayan Damar, k\u00fcresel \u0131s\u0131nman\u0131n insan eliyle ger\u00e7ekle\u015fti\u011fini ve durdurmak i\u00e7in duyarl\u0131 insanlar\u0131n bir an \u00f6nce bir araya gelmesi gerekti\u011fini de s\u00f6zlerine ekledi.<h3>Related Images:<\/h3>","protected":false},"excerpt":{"rendered":"<div class=\"mh-excerpt\"><p>K\u00fcresel Eylem Grubu (KEG) \u0130zmir&#8217;de &#8220;K\u00fcresel Is\u0131nma ve Alia\u011fa Termik santrali&#8221; konulu bir toplant\u0131 d\u00fczenliyor. 24 Kas\u0131m Cumartesi \u0130g\u00fcn\u00fc saat 13.30&#8217;da \u00c7ankaya&#8217;da Ahet Piri\u015ftina Kent <a class=\"mh-excerpt-more\" href=\"https:\/\/kentyasam.com.tr\/wp\/2007\/11\/17\/kuresel-eylem-grubu-aliaga-icin-toplanacak\/\" title=\"K\u00fcresel Eylem Grubu Alia\u011fa i\u00e7in toplanacak\">[&#8230;]<\/a><\/p>\n<\/div>","protected":false},"author":1,"featured_media":34731,"comment_status":"open","ping_status":"open","sticky":false,"template":"","format":"standard","meta":{"ngg_post_thumbnail":0,"footnotes":""},"categories":[1],"tags":[],"_links":{"self":[{"href":"https:\/\/kentyasam.com.tr\/wp\/wp-json\/wp\/v2\/posts\/10364"}],"collection":[{"href":"https:\/\/kentyasam.com.tr\/wp\/wp-json\/wp\/v2\/posts"}],"about":[{"href":"https:\/\/kentyasam.com.tr\/wp\/wp-json\/wp\/v2\/types\/post"}],"author":[{"embeddable":true,"href":"https:\/\/kentyasam.com.tr\/wp\/wp-json\/wp\/v2\/users\/1"}],"replies":[{"embeddable":true,"href":"https:\/\/kentyasam.com.tr\/wp\/wp-json\/wp\/v2\/comments?post=10364"}],"version-history":[{"count":0,"href":"https:\/\/kentyasam.com.tr\/wp\/wp-json\/wp\/v2\/posts\/10364\/revisions"}],"wp:featuredmedia":[{"embeddable":true,"href":"https:\/\/kentyasam.com.tr\/wp\/wp-json\/wp\/v2\/media\/34731"}],"wp:attachment":[{"href":"https:\/\/kentyasam.com.tr\/wp\/wp-json\/wp\/v2\/media?parent=10364"}],"wp:term":[{"taxonomy":"category","embeddable":true,"href":"https:\/\/kentyasam.com.tr\/wp\/wp-json\/wp\/v2\/categories?post=10364"},{"taxonomy":"post_tag","embeddable":true,"href":"https:\/\/kentyasam.com.tr\/wp\/wp-json\/wp\/v2\/tags?post=10364"}],"curies":[{"name":"wp","href":"https:\/\/api.w.org\/{rel}","templated":true}]}}