{"id":10316,"date":"2007-11-10T00:00:00","date_gmt":"2007-11-10T00:00:00","guid":{"rendered":"http:\/\/kentyasam.com.tr\/wp\/?p=10316"},"modified":"2007-11-10T00:00:00","modified_gmt":"2007-11-10T00:00:00","slug":"ataturk-ieu-de-duzenlenen-torenle-anildi","status":"publish","type":"post","link":"https:\/\/kentyasam.com.tr\/wp\/2007\/11\/10\/ataturk-ieu-de-duzenlenen-torenle-anildi\/","title":{"rendered":"Atat\u00fcrk, \u0130E\u00dc&#8217;de d\u00fczenlenen t\u00f6renle an\u0131ld\u0131"},"content":{"rendered":"Atat\u00fcrk\u0092\u00fcn \u00f6l\u00fcm\u00fcn\u00fcn 69. y\u0131l d\u00f6n\u00fcm\u00fc nedeni ile \u0130zmir Ekonomi \u00dcniversitesi\u0092nde anma t\u00f6reni d\u00fczenlendi. T\u00f6rene, \u0130zmir Valisi Cahit K\u0131ra\u00e7, Ege Ordusu ve Garnizonu Komutan\u0131 Orgeneral Necdet \u00d6zel, B\u00fcy\u00fck\u015fehir Belediye Ba\u015fkan\u0131 Aziz Kocao\u011flu, eski Genel Kurmay Ba\u015fkan\u0131 Orgeneral Hilmi \u00d6zk\u00f6k, G\u00fcney Deniz Saha Komutan\u0131 Koramiral Erdal Bucak, Hava E\u011fitim Komutan\u0131 Korgeneral Yal\u00e7\u0131n Kaya, Ege Ordu Kurmay Ba\u015fkan\u0131 T\u00fcmgeneral G\u00fcrb\u00fcz Kaya, Cumhuriyet Ba\u015fsavc\u0131s\u0131 Emin \u00d6zler, \u0130E\u00dc M\u00fctevelli Heyet Ba\u015fkan\u0131 Ekrem Demirta\u015f, \u0130E\u00dc Rekt\u00f6r\u00fc Prof. Dr. Attila Sezgin, Dokuz Eyl\u00fcl \u00dcniversitesi Rekt\u00f6r\u00fc Prof. Dr. Emin Al\u0131c\u0131, akademisyenler, \u00f6\u011frenciler ve \u00e7ok say\u0131da konuk kat\u0131ld\u0131. T\u00f6ren, Ege Ordusu Komutanl\u0131\u011f\u0131\u0092n\u0131n katk\u0131lar\u0131 ile koleksiyoner Necmettin \u00d6z\u00e7elik\u0092in \u00f6zel ar\u015fivinden haz\u0131rlanan Atat\u00fcrk g\u00f6r\u00fcnt\u00fcleri ile ba\u015flad\u0131. T\u00f6rende konu\u015fan \u0130E\u00dc Rekt\u00f6r\u00fc Prof. Dr. Attila Sezgin, Atat\u00fcrk\u0092\u00fcn \u00e7a\u011fda\u015fla\u015fma \u00e7abalar\u0131yla e\u011fitimin millet hayat\u0131ndaki yerini en iyi anlam\u0131\u015f tek devlet adam\u0131 oldu\u011funu s\u00f6yledi. T\u00f6ren, \u0130zmir Ekonomi \u00dcniversitesi Fen-Edebiyat Fak\u00fcltesi Atat\u00fcrk \u0130lke ve \u0130nk\u0131l\u00e2plar\u0131 Koordinat\u00f6rl\u00fc\u011f\u00fc\u0092nde, yap\u0131m ve y\u00f6netimini \u0130leti\u015fim Fak\u00fcltesi\u0092nin \u00fcstlendi\u011fi \u0093Ulu \u00d6nder Aram\u0131zda\u0094 konulu film g\u00f6sterisi ile devam etti. Ard\u0131ndan \u0130zmir Devlet Senfoni Orkestras\u0131 sanat\u00e7\u0131lar\u0131ndan olu\u015fan Ephesus Brass grubu \u00e7e\u015fitli eserler seslendirdi. Grubun seslendirdi\u011fi \u0093\u00c7anakkale T\u00fcrk\u00fcs\u00fc\u0094 ne iki dans\u00e7\u0131 e\u015flik etti. T\u00f6ren \u0130zmir Ekonomi \u00dcniversitesi Yarat\u0131c\u0131 Darama, Yazarl\u0131k ve Edebiyat Kul\u00fcb\u00fc\u0092n\u00fcn yazd\u0131\u011f\u0131, \u0130zmir Ekonomi \u00dcniversitesi Tiyatro Kul\u00fcb\u00fc taraf\u0131ndan sahnelenen \u0093Mustafa Kemal\u0092in Halk\u0131\u0094 dramatizasyonu ile sona erdi. T\u00f6renin ard\u0131ndan Mustafa Kemal Atat\u00fcrk\u0092\u00fcn foto\u011fraflar\u0131ndan olu\u015fan \u0093Atat\u00fcrk Bizlerle\u0094 foto\u011fraf sergisi gezildi. <h3>Related Images:<\/h3>","protected":false},"excerpt":{"rendered":"<div class=\"mh-excerpt\"><p>Atat\u00fcrk\u0092\u00fcn \u00f6l\u00fcm\u00fcn\u00fcn 69. y\u0131l d\u00f6n\u00fcm\u00fc nedeni ile \u0130zmir Ekonomi \u00dcniversitesi\u0092nde anma t\u00f6reni d\u00fczenlendi. T\u00f6rene, \u0130zmir Valisi Cahit K\u0131ra\u00e7, Ege Ordusu ve Garnizonu Komutan\u0131 Orgeneral Necdet <a class=\"mh-excerpt-more\" href=\"https:\/\/kentyasam.com.tr\/wp\/2007\/11\/10\/ataturk-ieu-de-duzenlenen-torenle-anildi\/\" title=\"Atat\u00fcrk, \u0130E\u00dc&#8217;de d\u00fczenlenen t\u00f6renle an\u0131ld\u0131\">[&#8230;]<\/a><\/p>\n<\/div>","protected":false},"author":1,"featured_media":34689,"comment_status":"open","ping_status":"open","sticky":false,"template":"","format":"standard","meta":{"ngg_post_thumbnail":0,"footnotes":""},"categories":[1],"tags":[],"_links":{"self":[{"href":"https:\/\/kentyasam.com.tr\/wp\/wp-json\/wp\/v2\/posts\/10316"}],"collection":[{"href":"https:\/\/kentyasam.com.tr\/wp\/wp-json\/wp\/v2\/posts"}],"about":[{"href":"https:\/\/kentyasam.com.tr\/wp\/wp-json\/wp\/v2\/types\/post"}],"author":[{"embeddable":true,"href":"https:\/\/kentyasam.com.tr\/wp\/wp-json\/wp\/v2\/users\/1"}],"replies":[{"embeddable":true,"href":"https:\/\/kentyasam.com.tr\/wp\/wp-json\/wp\/v2\/comments?post=10316"}],"version-history":[{"count":0,"href":"https:\/\/kentyasam.com.tr\/wp\/wp-json\/wp\/v2\/posts\/10316\/revisions"}],"wp:featuredmedia":[{"embeddable":true,"href":"https:\/\/kentyasam.com.tr\/wp\/wp-json\/wp\/v2\/media\/34689"}],"wp:attachment":[{"href":"https:\/\/kentyasam.com.tr\/wp\/wp-json\/wp\/v2\/media?parent=10316"}],"wp:term":[{"taxonomy":"category","embeddable":true,"href":"https:\/\/kentyasam.com.tr\/wp\/wp-json\/wp\/v2\/categories?post=10316"},{"taxonomy":"post_tag","embeddable":true,"href":"https:\/\/kentyasam.com.tr\/wp\/wp-json\/wp\/v2\/tags?post=10316"}],"curies":[{"name":"wp","href":"https:\/\/api.w.org\/{rel}","templated":true}]}}