{"id":101179,"date":"2008-12-28T00:00:00","date_gmt":"2008-12-28T00:00:00","guid":{"rendered":"http:\/\/kentyasam.com.tr\/wp\/?p=101179"},"modified":"2008-12-28T00:00:00","modified_gmt":"2008-12-28T00:00:00","slug":"2008de-egenin-enleri","status":"publish","type":"post","link":"https:\/\/kentyasam.com.tr\/wp\/2008\/12\/28\/2008de-egenin-enleri\/","title":{"rendered":"2008&#8217;de Ege&#8217;nin &#8216;en&#8221;leri"},"content":{"rendered":"\u0130K\u0130 g\u00fcn sonra, 2008&#8217;e &#8220;g\u00fcle g\u00fcle&#8221;, 2009&#8217;a &#8220;ho\u015fgeldin&#8221; diyece\u011fiz.<br \/>\r\nAc\u0131s\u0131yla tatl\u0131s\u0131yla, sevinciyle, h\u00fczn\u00fcyle bir y\u0131l\u0131 daha geride b\u0131rakaca\u011f\u0131z.<br \/>\r\nKu\u015fkusuz y\u0131l i\u00e7inde d\u00fcnyada ve \u00fclkemizde pek \u00e7ok olay oldu.<br \/>\r\nD\u00fcnyada ve \u00fclkede y\u0131la damgas\u0131n\u0131 vuran olaylar ve isimler se\u00e7iliyor.<br \/>\r\nBen de sizin i\u00e7in Ege&#8217;de y\u0131l\u0131n &#8220;en&#8221;lerini se\u00e7tim;<br \/>\r\n<b>Y\u0131l\u0131n h\u00fcsran\u0131:<\/b><br \/>\r\n\u0130zmir&#8217;in EXPO 2015&#8217;i, Milano&#8217;ya kapt\u0131rmas\u0131.<br \/>\r\n<b>Y\u0131l\u0131n olay\u0131:<\/b><br \/>\r\n\u0130zmir&#8217;de Tepecik Do\u011fum Hastanesi&#8217;nde 13 bebe\u011fin \u00f6lmesi.<br \/>\r\n<b>Y\u0131l\u0131n skandal\u0131:<\/b><br \/>\r\nArsenikli su i\u00e7en \u0130zmirlilerin, bu durumu kendi y\u00f6neticilerinden de\u011fil, Ankaral\u0131lar\u0131n ve genel ba\u015fkan\u0131n\u0131n g\u00f6z\u00fcnden d\u00fc\u015fen belediye ba\u015fkan\u0131ndan duymas\u0131.<br \/>\r\n<b>Y\u0131l\u0131n g\u00f6zda\u011f\u0131:<\/b><br \/>\r\nSa\u011fl\u0131k, \u00c7evre ve Orman ile \u0130\u015fi\u015fleri bakanlar\u0131 arsenikle ilgili olarak \u0130zmir B\u00fcy\u00fck\u015fehir Belediye Ba\u015fkan\u0131 Aziz Kocao\u011flu&#8217;na g\u00f6zda\u011f\u0131 vermesi.<br \/>\r\n<b>Y\u0131l\u0131n \u00e7amura g\u00f6m\u00fclen yat\u0131r\u0131m\u0131:<\/b><br \/>\r\n\u0130zmir&#8217;de daha \u00f6nce 10 \u015eubat 2008&#8217;de tamamlanaca\u011f\u0131 a\u00e7\u0131klanan \u00dc\u00e7yol- \u00dc\u00e7kuyular aras\u0131ndaki metro in\u015faat\u0131n\u0131n s\u00f6z verilen 31 Ekim tarihinde de bitirilememesi.<br \/>\r\n<b>Y\u0131l\u0131n en g\u00f6nl\u00fc zengini:<\/b><br \/>\r\nManisa&#8217;n\u0131n Selendi \u0130l\u00e7esi&#8217;ne ba\u011fl\u0131 \u00c7ortak K\u00f6y\u00fc&#8217;nde oturan \u00d6mer Kahraman&#8217;\u0131n, 32 y\u0131l boyunca \u00e7\u00f6p\u00e7\u00fcl\u00fck yapt\u0131\u011f\u0131 Almanya&#8217;dan d\u00f6nd\u00fckten sonra 550 bin YTL ile k\u00f6y\u00fcne okul yapt\u0131rmas\u0131.<br \/>\r\n<b>Y\u0131l\u0131n en ders al\u0131nacak s\u00f6z\u00fc:<\/b><br \/>\r\n&#8216;5 y\u0131lda 100 y\u0131ll\u0131k ders ald\u0131m&#8217; (Aziz Kocao\u011flu&#8217;na ait)<br \/>\r\n<b>Y\u0131l\u0131n do\u011fumu:<\/b><br \/>\r\n\u0130zmir&#8217;in Karaba\u011flar ve Bayrakl\u0131 ad\u0131nda &#8216;nur topu&#8217; gibi iki il\u00e7esinin olmas\u0131.<br \/>\r\n<b>Y\u0131l\u0131n tart\u0131\u015fmas\u0131:<\/b><br \/>\r\nNaylon se\u00e7menlerin yaz\u0131lmas\u0131, bo\u015f arsalarda, in\u015faatlarda, k\u00fcmeslerde se\u00e7menlerin g\u00f6z\u00fckmesi.<br \/>\r\n<b>Y\u0131l\u0131n &#8216;en gereksiz&#8217; davas\u0131:<\/b><br \/>\r\nUcuz su ve bedava ekmek da\u011f\u0131tt\u0131\u011f\u0131 i\u00e7in Dikili Belediye Ba\u015fkan\u0131 Osman \u00d6zg\u00fcven hakk\u0131nda dava a\u00e7\u0131lmas\u0131.<br \/>\r\n<b>Y\u0131l\u0131n en sahipsiz kampanyas\u0131:<\/b><br \/>\r\n&#8216;D\u00fcr\u00fcst ba\u015fkan kar\u0131nca gibi \u00e7al\u0131\u015f\u0131yor&#8217; ad\u0131 alt\u0131nda \u0130zmir&#8217;in d\u00f6rt bir yan\u0131na as\u0131lan afi\u015f ve pankartlar\u0131 kimsenin sahiplenmemesi.<br \/>\r\n<b>Y\u0131l\u0131n kazas\u0131:<\/b><br \/>\r\nAday adayl\u0131\u011f\u0131 a\u00e7\u0131klamas\u0131n\u0131 yapt\u0131ktan sonra ba\u015f\u0131n\u0131 al\u0131p dinlenmek i\u00e7in Kazda\u011flar\u0131&#8217;na giden B\u00fcy\u00fck\u015fehir Belediye Ba\u015fkan\u0131 Aziz Kocao\u011flu&#8217;nun aya\u011f\u0131n\u0131 k\u0131rmas\u0131.<br \/>\r\n<b>Y\u0131l\u0131n y\u00fcz ak\u0131:<\/b><br \/>\r\nDenizlili \u00f6\u011frencilerin \u00fcniversite s\u0131navlar\u0131nda say\u0131sal ve e\u015fit a\u011f\u0131rl\u0131kl\u0131 puan kategorisinde T\u00fcrkiye birincisi olmas\u0131.<br \/>\r\n<b>Y\u0131l\u0131n en vefal\u0131s\u0131:<\/b><br \/>\r\nKar\u015f\u0131yaka Belediye Ba\u015fkan\u0131 Cevat Durak&#8217;\u0131n il\u00e7edeki k\u00fclt\u00fcr merkezi ile cadde ve bulvar gibi yeni yat\u0131r\u0131mlara sosyal demokrat ideolojinin \u00f6nc\u00fc isimlerinden B\u00fclent Ecevit, Erdal \u0130n\u00f6n\u00fc, \u0130smail Cem ve eski belediye ba\u015fkan\u0131 \u0130hsan Alyanak&#8217;\u0131n isimlerini vermesi.<br \/>\r\n<b>Y\u0131l\u0131n rekt\u00f6r\u00fc:<\/b><br \/>\r\n50 y\u0131ll\u0131k ge\u00e7mi\u015fi olan Ege \u00dcniversitesi&#8217;ne ilk kez bir kad\u0131n\u0131n\u0131n (Prof. Dr. Cande\u011fer Y\u0131lmaz) rekt\u00f6r se\u00e7ilmesi.<br \/>\r\n<b>Y\u0131l\u0131n \u00f6rnek bulu\u015fmas\u0131:<\/b><br \/>\r\n\u0130zmir&#8217;de 10 siyasi partinini il ba\u015fkan\u0131n\u0131n \u0130stanbul G\u00fcng\u00f6ren&#8217;deki bombal\u0131 sald\u0131r\u0131 k\u0131namak amac\u0131yla biraraya gelmesi.<br \/>\r\n<b>Yal\u0131n ay\u0131b\u0131:<\/b><br \/>\r\nB\u00fcy\u00fck\u015fehir Belediye Ba\u015fkan\u0131 Aziz Kocao\u011flu&#8217;nun CHP Meclis Grubu&#8217;nda bir \u00f6nergenin ak\u0131betini soran partisine mensup meclis \u00fcyesi Hamdi Yap\u0131c\u0131&#8217;ya &#8220;Ci\u011fersiz, tabans\u0131z, korkak&#8221; demesi.<br \/>\r\n<b>Y\u0131l\u0131n kay\u0131b\u0131:<\/b><br \/>\r\n\u0130zmir&#8217;in efsane belediye ba\u015fkan\u0131 \u0130hsan Alyanak&#8217;\u0131n ya\u015fam\u0131n\u0131 yitirmesi.<br \/>\r\n<b>Y\u0131l\u0131n gaf\u0131:<\/b><br \/>\r\nCHP \u0130zmir Milletvekili Canan Ar\u0131tman&#8217;\u0131n Cumhurba\u015fkan\u0131 Abdullah G\u00fcl&#8217;\u00fcn annesi i\u00e7in yak\u0131\u015f\u0131ks\u0131z s\u00f6z s\u00f6ylemesi.<br \/>\r\n<b>Y\u0131l\u0131n katliam\u0131:<\/b><br \/>\r\nMu\u011fla Marmaris&#8217;teki ormanlarda 41 ayr\u0131 \u015firkete maden arama izninin verilmesi nedeniyle binlerce a\u011fac\u0131n kesilmesi.<br \/>\r\n<b>Y\u0131l\u0131n transferi:<\/b><br \/>\r\nAKP&#8217;nin \u0130zmir&#8217;de se\u00e7im kazanabilmek i\u00e7in eski CHP&#8217;lileri transfer etmesi.<br \/>\r\n<b>Ve y\u0131l\u0131n &#8216;mutlu son&#8217;u:<\/b><br \/>\r\n\u0130zmir Basmane&#8217;deki 10 y\u0131ll\u0131k \u00e7ukurda yeni bir projenin ya\u015fama ge\u00e7irilecek olmas\u0131.<br \/>\r\nBen bu kadar se\u00e7tim.<br \/>\r\nSiz daha da \u00e7o\u011faltabilirsiniz.<br \/>\r\n\u00a0<br \/>\r\n***<br \/>\r\n<br \/>\r\nT\u00fcm okuyucular\u0131m\u0131n yeni y\u0131l\u0131n\u0131 kutlar, sa\u011fl\u0131kl\u0131 ve mutlu g\u00fcnler dilerim. C.B.<h3>Related Images:<\/h3>","protected":false},"excerpt":{"rendered":"<div class=\"mh-excerpt\"><p>\u0130K\u0130 g\u00fcn sonra, 2008&#8217;e &#8220;g\u00fcle g\u00fcle&#8221;, 2009&#8217;a &#8220;ho\u015fgeldin&#8221; diyece\u011fiz. Ac\u0131s\u0131yla tatl\u0131s\u0131yla, sevinciyle, h\u00fczn\u00fcyle bir y\u0131l\u0131 daha geride b\u0131rakaca\u011f\u0131z. Ku\u015fkusuz y\u0131l i\u00e7inde d\u00fcnyada ve \u00fclkemizde pek <a class=\"mh-excerpt-more\" href=\"https:\/\/kentyasam.com.tr\/wp\/2008\/12\/28\/2008de-egenin-enleri\/\" title=\"2008&#8217;de Ege&#8217;nin &#8216;en&#8221;leri\">[&#8230;]<\/a><\/p>\n<\/div>","protected":false},"author":1,"featured_media":0,"comment_status":"open","ping_status":"open","sticky":false,"template":"","format":"standard","meta":{"ngg_post_thumbnail":0,"footnotes":""},"categories":[70],"tags":[],"_links":{"self":[{"href":"https:\/\/kentyasam.com.tr\/wp\/wp-json\/wp\/v2\/posts\/101179"}],"collection":[{"href":"https:\/\/kentyasam.com.tr\/wp\/wp-json\/wp\/v2\/posts"}],"about":[{"href":"https:\/\/kentyasam.com.tr\/wp\/wp-json\/wp\/v2\/types\/post"}],"author":[{"embeddable":true,"href":"https:\/\/kentyasam.com.tr\/wp\/wp-json\/wp\/v2\/users\/1"}],"replies":[{"embeddable":true,"href":"https:\/\/kentyasam.com.tr\/wp\/wp-json\/wp\/v2\/comments?post=101179"}],"version-history":[{"count":0,"href":"https:\/\/kentyasam.com.tr\/wp\/wp-json\/wp\/v2\/posts\/101179\/revisions"}],"wp:attachment":[{"href":"https:\/\/kentyasam.com.tr\/wp\/wp-json\/wp\/v2\/media?parent=101179"}],"wp:term":[{"taxonomy":"category","embeddable":true,"href":"https:\/\/kentyasam.com.tr\/wp\/wp-json\/wp\/v2\/categories?post=101179"},{"taxonomy":"post_tag","embeddable":true,"href":"https:\/\/kentyasam.com.tr\/wp\/wp-json\/wp\/v2\/tags?post=101179"}],"curies":[{"name":"wp","href":"https:\/\/api.w.org\/{rel}","templated":true}]}}