{"id":10103,"date":"2007-10-18T00:00:00","date_gmt":"2007-10-18T00:00:00","guid":{"rendered":"http:\/\/kentyasam.com.tr\/wp\/?p=10103"},"modified":"2007-10-18T00:00:00","modified_gmt":"2007-10-18T00:00:00","slug":"denizci-unluler-ve-denizcilik-sorunlarimiz-toplantisi","status":"publish","type":"post","link":"https:\/\/kentyasam.com.tr\/wp\/2007\/10\/18\/denizci-unluler-ve-denizcilik-sorunlarimiz-toplantisi\/","title":{"rendered":"&#8220;Denizci \u00dcnl\u00fcler ve Denizcilik Sorunlar\u0131m\u0131z&#8221; toplant\u0131s\u0131"},"content":{"rendered":"TMMOB Gemi M\u00fchendisleri Odas\u0131 (GMO) \u0130zmir \u015eubesi, denizcilik alan\u0131nda ya\u015fanan sorunlara halk\u0131n dikkatini \u00e7ekmek i\u00e7in etkinlik d\u00fczenleyecek. Y\u0131llard\u0131r Ege&#8217;de kurulmas\u0131 i\u00e7in \u00e7al\u0131\u015ft\u0131klar\u0131 tersaneler, gemi ve mega yat in\u015fa sanayi i\u00e7in bir \u00e7ok toplant\u0131 ve panel d\u00fczenlediklerini anlatan GMO \u0130zmir \u015eubesi Y\u00f6netim Kurulu Ba\u015fkan\u0131\u00a0Emrah Erginer, &#8220;D\u00fczenledi\u011fimiz bu toplant\u0131larda \u00e7ok \u00f6nemli bir eksi\u011fimizi g\u00f6rd\u00fck. Toplant\u0131lar\u0131m\u0131za sadece denizcilik end\u00fcstrisi ile ilgili kurum ve kurulu\u015flar kat\u0131ld\u0131, ama halk\u0131m\u0131z\u0131 o toplant\u0131larda g\u00f6remedik&#8221; dedi. Erginer, &#8220;G\u00f6sterdi\u011fimiz t\u00fcm \u00e7abalar denizcilik k\u00fclt\u00fcr\u00fcne sahip toplumlarda ba\u015far\u0131 elde edebildi\u011fi d\u00fc\u015f\u00fcncesiyle, halk\u0131m\u0131z\u0131 \u00e7ekebilece\u011fimiz bir denizcilik etkinli\u011fi yapmak istedik&#8221; diye konu\u015ftu. &#8220;Denizci \u00dcnl\u00fcler ve Denizcilik Sorunlar\u0131m\u0131z&#8221; etkinli\u011fin 6 Kas\u0131m 2007 g\u00fcn\u00fc saat 13.30&#8217;da Tepekule Kongre Merkezi&#8217;nde ger\u00e7ekle\u015ftirilece\u011fini anlatan Emrah Erginer, etkinliklerinin Ege B\u00f6lgesi&#8217;ne sivil bir tersane kuruluncaya kadar s\u00fcrece\u011fini s\u00f6zlerine ekledi.<h3>Related Images:<\/h3>","protected":false},"excerpt":{"rendered":"<div class=\"mh-excerpt\"><p>TMMOB Gemi M\u00fchendisleri Odas\u0131 (GMO) \u0130zmir \u015eubesi, denizcilik alan\u0131nda ya\u015fanan sorunlara halk\u0131n dikkatini \u00e7ekmek i\u00e7in etkinlik d\u00fczenleyecek. Y\u0131llard\u0131r Ege&#8217;de kurulmas\u0131 i\u00e7in \u00e7al\u0131\u015ft\u0131klar\u0131 tersaneler, gemi ve <a class=\"mh-excerpt-more\" href=\"https:\/\/kentyasam.com.tr\/wp\/2007\/10\/18\/denizci-unluler-ve-denizcilik-sorunlarimiz-toplantisi\/\" title=\"&#8220;Denizci \u00dcnl\u00fcler ve Denizcilik Sorunlar\u0131m\u0131z&#8221; toplant\u0131s\u0131\">[&#8230;]<\/a><\/p>\n<\/div>","protected":false},"author":1,"featured_media":0,"comment_status":"open","ping_status":"open","sticky":false,"template":"","format":"standard","meta":{"ngg_post_thumbnail":0,"footnotes":""},"categories":[1],"tags":[],"_links":{"self":[{"href":"https:\/\/kentyasam.com.tr\/wp\/wp-json\/wp\/v2\/posts\/10103"}],"collection":[{"href":"https:\/\/kentyasam.com.tr\/wp\/wp-json\/wp\/v2\/posts"}],"about":[{"href":"https:\/\/kentyasam.com.tr\/wp\/wp-json\/wp\/v2\/types\/post"}],"author":[{"embeddable":true,"href":"https:\/\/kentyasam.com.tr\/wp\/wp-json\/wp\/v2\/users\/1"}],"replies":[{"embeddable":true,"href":"https:\/\/kentyasam.com.tr\/wp\/wp-json\/wp\/v2\/comments?post=10103"}],"version-history":[{"count":0,"href":"https:\/\/kentyasam.com.tr\/wp\/wp-json\/wp\/v2\/posts\/10103\/revisions"}],"wp:attachment":[{"href":"https:\/\/kentyasam.com.tr\/wp\/wp-json\/wp\/v2\/media?parent=10103"}],"wp:term":[{"taxonomy":"category","embeddable":true,"href":"https:\/\/kentyasam.com.tr\/wp\/wp-json\/wp\/v2\/categories?post=10103"},{"taxonomy":"post_tag","embeddable":true,"href":"https:\/\/kentyasam.com.tr\/wp\/wp-json\/wp\/v2\/tags?post=10103"}],"curies":[{"name":"wp","href":"https:\/\/api.w.org\/{rel}","templated":true}]}}