{"id":101021,"date":"2007-02-15T00:00:00","date_gmt":"2007-02-15T00:00:00","guid":{"rendered":"http:\/\/kentyasam.com.tr\/wp\/?p=101021"},"modified":"2007-02-15T00:00:00","modified_gmt":"2007-02-15T00:00:00","slug":"izmirin-cesmeleri","status":"publish","type":"post","link":"https:\/\/kentyasam.com.tr\/wp\/2007\/02\/15\/izmirin-cesmeleri\/","title":{"rendered":"\u0130zmir&#8217;in \u00e7e\u015fmeleri"},"content":{"rendered":"Say\u0131lar\u0131 fazla olmayan eski \u0130zmir \u00e7e\u015fmelerine ne yaz\u0131k ki sahip \u00e7\u0131kamad\u0131k. G\u00f6rd\u00fc\u011f\u00fcn\u00fcz foto\u011fraflar 3 y\u0131l \u00f6nce \u00e7ekildi. Kemerli olan\u0131 ad\u0131n\u0131 soka\u011fa vermi\u015f 17. y\u00fczy\u0131ldan kalma me\u015fhur &#8220;Tasl\u0131 \u00c7e\u015fme&#8221;.<br \/>\r\n<br \/>\r\nT\u00fcrk sinemas\u0131n\u0131n \u00fcnl\u00fc karakter oyuncusu H\u00fcseyin Baradan bu sokakta do\u011fmu\u015f, tarihi \u00e7e\u015fmeden 30 metre ilerdeki evlerine \u00e7ocuklu\u011funda az su ta\u015f\u0131mam\u0131\u015ft\u0131. Vefat\u0131ndan \u00f6nce rahmetli Baradan&#8217;a \u00e7e\u015fmenin foto\u011fraf\u0131n\u0131 g\u00f6stermi\u015f, an\u0131lar\u0131 olan Tasl\u0131 \u00c7e\u015fme&#8217;ye yard\u0131m elini uzatmas\u0131n\u0131 istemi\u015ftim. <br \/>\r\n<a href=\"http:\/\/www.kentyasam.com.tr\/Konuk\/cesme01.jpg\" target=\"_blank\"><img decoding=\"async\" align=\"right\" style=\"max-width:200px; max-height:200px; cursor:pointer; border:3px solid #dddddd; margin:5px;\" border=\"0\" onclick=\"tb_show('', this.src);\"  src=\"http:\/\/www.kentyasam.com.tr\/Konuk\/cesme01.jpg\" bodrer=\"0\" ailgn=\"right\"><\/a>Kendisinden soka\u011f\u0131ndaki de\u011fi\u015fiklikler kar\u015f\u0131s\u0131nda \u0131zd\u0131rap duydu\u011funu i\u015fitip, &#8220;Bu y\u00fczden y\u0131llard\u0131r eski mahalleme gidemiyorum&#8221; yan\u0131t\u0131n\u0131 alm\u0131\u015ft\u0131m.<br \/>\r\n<br \/>\r\n\u00dcnl\u00fc akt\u00f6r\u00fcn \u00f6l\u00fcm\u00fcnden sonra Ak\u015fam Ege&#8217;de, &#8220;Ege Koop&#8217;un sevilen Halkla \u0130li\u015fkiler M\u00fcd\u00fcr\u00fc H\u00fcseyin Baradan an\u0131s\u0131na Ege Koop y\u00f6netimi bu \u00e7e\u015fmeyi onaramaz m\u0131?&#8221; diye bir yaz\u0131 yazd\u0131m. Ancak kimseden ses seda \u00e7\u0131kmad\u0131. Tasl\u0131 \u00c7e\u015fme&#8217;nin size son foto\u011fraf\u0131n\u0131 g\u00f6steremiyorum, \u00e7\u00fcnk\u00fc art\u0131k b\u00f6yle bir \u00e7e\u015fme yok.<br \/>\r\n<br \/>\r\nSon y\u0131llarda \u0130zmirli i\u015f adamlar\u0131n\u0131n fabrikalar\u0131n\u0131 kapat\u0131p solu\u011fu \u0130stanbul&#8217;da ald\u0131\u011f\u0131n\u0131 g\u00f6r\u00fcyoruz. <br \/>\r\n<br \/>\r\n<a href=\"http:\/\/www.kentyasam.com.tr\/Konuk\/cesme02.jpg\" target=\"_blank\"><img decoding=\"async\" align=\"left\" style=\"max-width:200px; max-height:200px; cursor:pointer; border:3px solid #dddddd; margin:5px;\" border=\"0\" onclick=\"tb_show('', this.src);\"  src=\"http:\/\/www.kentyasam.com.tr\/Konuk\/cesme02.jpg\" bodrer=\"0\" ailgn=\"left\"><\/a>Ticaretin ba\u015f\u0131nda bulunan b\u00fcy\u00fcklerimiz i\u015flerin iyi gitmedi\u011fini g\u00f6r\u00fcnce unuttuklar\u0131 kentin 8500 y\u0131ll\u0131k muhte\u015fem tarihini an\u0131msay\u0131p kente daha \u00e7ok turist gelsin diye UNESCO&#8217;ya m\u00fcracaat edip &#8220;Ne olur bizi de listenize al\u0131n&#8221; demeye ba\u015flad\u0131lar.<br \/>\r\n<br \/>\r\n\u0130zmir&#8217;e gelecek turistlerin, tarihini apartman k\u00fclt\u00fcr\u00fcne feda etmi\u015f Alsancak&#8217;ta yaya kald\u0131r\u0131mlar\u0131 \u00fczerinde a\u00e7\u0131lan pastanelerde \u00e7ukulatal\u0131 pasta yemeye gelmeyece\u011fini, onlar\u0131n daha \u00e7ok hanlar\u0131m\u0131z\u0131, hamamlar\u0131m\u0131z\u0131, camilerimizi, mescit ve mezarl\u0131k ve \u00e7e\u015fmelerimizi g\u00f6rmek isteyece\u011fini hepimiz biliyoruz. Turistlerin sokak, sokak gezerlerken g\u00f6rd\u00fckleri g\u00f6r\u00fcnt\u00fcler kar\u015f\u0131s\u0131nda &#8220;Kuzum, siz sava\u015ftan en son ka\u00e7 tarihinde \u00e7\u0131kt\u0131n\u0131z?&#8221; sorusuna onlardan \u00f6nce biz yan\u0131t vermeliyiz.<br \/>\r\n<br \/>\r\n<a href=\"http:\/\/www.kentyasam.com.tr\/Konuk\/cesme03.jpg\" target=\"_blank\"><img decoding=\"async\" align=\"right\" style=\"max-width:200px; max-height:200px; cursor:pointer; border:3px solid #dddddd; margin:5px;\" border=\"0\" onclick=\"tb_show('', this.src);\"  src=\"http:\/\/www.kentyasam.com.tr\/Konuk\/cesme03.jpg\" bodrer=\"0\" ailgn=\"right\"><\/a>\u00c7ok k\u00fc\u00e7\u00fck b\u00fct\u00e7elerle kurtar\u0131labilecek eski \u0130zmir \u00e7e\u015fmelerinin hazin durumlar\u0131 ne yaz\u0131k ki vicdanlar\u0131 hi\u00e7 s\u0131zlatmad\u0131. B\u00fcy\u00fck\u015fehir Belediye Ba\u015fkan\u0131 Aziz Kocao\u011flu ve Konak Belediye Ba\u015fkan\u0131 Muzaffer Tun\u00e7a\u011f&#8217;\u0131n \u00f6vg\u00fcye de\u011fer \u00f6rnek \u00e7al\u0131\u015fmalar\u0131na di\u011fer kamu sivil kurulu\u015flarda kat\u0131lmal\u0131\u0085 Kenti sevmek palavrayla olmuyor, Ne demi\u015fti Orhan Veli:<br \/>\r\n<br \/>\r\nNeler yapmad\u0131k \u015fu vatan i\u00e7in.\/ Kimimiz \u00f6ld\u00fck\/kimimiz nutuk s\u00f6yledik.<h3>Related Images:<\/h3>","protected":false},"excerpt":{"rendered":"<div class=\"mh-excerpt\"><p>Say\u0131lar\u0131 fazla olmayan eski \u0130zmir \u00e7e\u015fmelerine ne yaz\u0131k ki sahip \u00e7\u0131kamad\u0131k. G\u00f6rd\u00fc\u011f\u00fcn\u00fcz foto\u011fraflar 3 y\u0131l \u00f6nce \u00e7ekildi. Kemerli olan\u0131 ad\u0131n\u0131 soka\u011fa vermi\u015f 17. y\u00fczy\u0131ldan kalma <a class=\"mh-excerpt-more\" href=\"https:\/\/kentyasam.com.tr\/wp\/2007\/02\/15\/izmirin-cesmeleri\/\" title=\"\u0130zmir&#8217;in \u00e7e\u015fmeleri\">[&#8230;]<\/a><\/p>\n<\/div>","protected":false},"author":1,"featured_media":0,"comment_status":"open","ping_status":"open","sticky":false,"template":"","format":"standard","meta":{"ngg_post_thumbnail":0,"footnotes":""},"categories":[31],"tags":[],"_links":{"self":[{"href":"https:\/\/kentyasam.com.tr\/wp\/wp-json\/wp\/v2\/posts\/101021"}],"collection":[{"href":"https:\/\/kentyasam.com.tr\/wp\/wp-json\/wp\/v2\/posts"}],"about":[{"href":"https:\/\/kentyasam.com.tr\/wp\/wp-json\/wp\/v2\/types\/post"}],"author":[{"embeddable":true,"href":"https:\/\/kentyasam.com.tr\/wp\/wp-json\/wp\/v2\/users\/1"}],"replies":[{"embeddable":true,"href":"https:\/\/kentyasam.com.tr\/wp\/wp-json\/wp\/v2\/comments?post=101021"}],"version-history":[{"count":0,"href":"https:\/\/kentyasam.com.tr\/wp\/wp-json\/wp\/v2\/posts\/101021\/revisions"}],"wp:attachment":[{"href":"https:\/\/kentyasam.com.tr\/wp\/wp-json\/wp\/v2\/media?parent=101021"}],"wp:term":[{"taxonomy":"category","embeddable":true,"href":"https:\/\/kentyasam.com.tr\/wp\/wp-json\/wp\/v2\/categories?post=101021"},{"taxonomy":"post_tag","embeddable":true,"href":"https:\/\/kentyasam.com.tr\/wp\/wp-json\/wp\/v2\/tags?post=101021"}],"curies":[{"name":"wp","href":"https:\/\/api.w.org\/{rel}","templated":true}]}}