{"id":100996,"date":"2006-10-27T00:00:00","date_gmt":"2006-10-27T00:00:00","guid":{"rendered":"http:\/\/kentyasam.com.tr\/wp\/?p=100996"},"modified":"2006-10-27T00:00:00","modified_gmt":"2006-10-27T00:00:00","slug":"izmire-karagozu-izlet-aziz-bey","status":"publish","type":"post","link":"https:\/\/kentyasam.com.tr\/wp\/2006\/10\/27\/izmire-karagozu-izlet-aziz-bey\/","title":{"rendered":"\u0130zmir&#8217;e Karag\u00f6z&#8217;\u00fc izlet Aziz Bey!"},"content":{"rendered":"Bayram\u0131 &#8220;mezarl\u0131klar\u0131&#8221; yazarak ge\u00e7irdik. Ula\u015f\u0131m\u0131n &#8220;bedava&#8221; olu\u015fundan kaynaklanan yakla\u015f\u0131m ve davran\u0131\u015f yanl\u0131\u015flar\u0131n\u0131, hatta \u00f6yk\u00fcle\u015fen tats\u0131zl\u0131klar\u0131 yazmayaca\u011f\u0131m. Ama kimse kusura kalmas\u0131n, zaman zaman soka\u011fa \u00e7\u0131kmak bile istemiyorum. Ben de oturup be\u015finci kez o filmi izledim. Daha \u00f6nce de bu k\u00f6\u015fede yazm\u0131\u015ft\u0131m. Y\u00f6netmenli\u011fini Ezel Akay&#8217;\u0131n yapt\u0131\u011f\u0131, ba\u015frollerini Haluk Bilginer, Beyaz\u0131t \u00d6zt\u00fcrk ve G\u00fcven K\u0131ra\u00e7&#8217;\u0131n payla\u015ft\u0131\u011f\u0131, konusu 14. y\u00fczy\u0131lda ge\u00e7en bir film &#8220;Hacivat ve Karag\u00f6z Neden \u00d6ld\u00fcr\u00fcld\u00fc?&#8221; <br \/>\r\nHacivat&#8217;\u0131 da Karag\u00f6z&#8217;\u00fc de hepimiz tan\u0131r\u0131z de\u011fil mi? Az \u00e7ok neden idam edildiklerini de biliriz. \u015eeyh K\u00fc\u015fteri&#8217;yi de, Hacivat ve Karag\u00f6z&#8217;\u00fc, idam edilmelerinden sonra &#8220;sonsuza dek&#8221; ya\u015fatmaya ba\u015flayan ki\u015fi olarak hat\u0131rlar\u0131z.<br \/>\r\nAma bu filmi g\u00f6rmelisiniz. Hem de saniye saniye dikkatle izlemeli sonra da \u015f\u00f6yle etraf\u0131n\u0131za bakmal\u0131s\u0131n\u0131z. <br \/>\r\n\u00d6rne\u011fin akl\u0131ma tak\u0131ld\u0131. Bu film 17 \u015eubat 2006&#8217;da vizyona girmi\u015f. Ama an\u0131ms\u0131yorum da film ile ilgili \u00f6yle g\u00fcnlerce ne haber yap\u0131ld\u0131 ne de \u00fczerinde duruldu. Oysa filmi izleyince, T\u00fcrkiye&#8217;de &#8220;baz\u0131 gruplar\u0131n&#8221; tepki g\u00f6stermesi beklenebilirdi. Dikkat ediyor musunuz bilmem ama, ben de bu film ile ilgili ancak 8 ay sonra yaz\u0131yorum. <br \/>\r\nBu film \u00fczerinde neden hi\u00e7 durulmad\u0131 ben biliyorum. \u00c7\u00fcnk\u00fc bu film de \u00f6zetle &#8220;do\u011fru s\u00f6yleyenin \u00f6yle ya da b\u00f6yle kellesi gider&#8221; ger\u00e7e\u011fi vard\u0131. &#8220;Kad\u0131 Pervane&#8217;nin&#8221; insanl\u0131k tarihinin en vazge\u00e7ilmez tipi oldu\u011fu ne g\u00fczel vurgulanm\u0131\u015f. Kad\u0131 Pervane ki, kendi kellesini korumak, kendi \u00e7\u0131karlar\u0131n\u0131 artt\u0131rmak i\u00e7in ne de g\u00fczel &#8220;siyaset&#8221; icra edip, Hacivat ile Karag\u00f6z&#8217;\u00fc g\u00f6nderdi cell\u00e2da? Hem de Orhan Gazi &#8220;emriyle&#8221;! Ne bilsin Orhan Gazi, emrinin sonucunu? <br \/>\r\nKad\u0131 Pervane her devirde var. Yanl\u0131\u015f\u0131 do\u011fru eder, a\u011flayan\u0131n g\u00fcld\u00fc\u011f\u00fcn\u00fc, sorunun olmad\u0131\u011f\u0131n\u0131, \u015fik\u00e2yetlerin yalan, dertlerin abart\u0131, ele\u015ftirinin hakaret, siyah\u0131n beyaz, bo\u015fun dolu, k\u00f6t\u00fcn\u00fcn iyi, tembelin \u00e7al\u0131\u015fkan oldu\u011funu bir g\u00fczel &#8220;siyasetle&#8221; ne de g\u00fczel yutturur Bey&#8217;lere, Ba\u015fkan&#8217;lara, Pa\u015fa&#8217;lara! \u0130\u015fte onun i\u00e7in bu k\u00f6\u015fe arac\u0131l\u0131\u011f\u0131yla \u0130zmir B\u00fcy\u00fck\u015fehir Belediye Ba\u015fkan\u0131 Aziz Kocao\u011flu&#8217;na, benim deyi\u015fimle Aziz Abi&#8217;ye bir davetim var bug\u00fcn. Korsan olmayan VCD&#8217;yi ald\u0131m. \u0130stedi\u011fi bir g\u00fcn birlikte &#8220;Hacivat ve Karag\u00f6z Neden \u00d6ld\u00fcr\u00fcld\u00fc&#8221; filmini &#8220;sessizce&#8221; izleyelim. Davetim de ciddiyim. Yan\u0131t\u0131 da burada yazaca\u011f\u0131m. \u00c7\u00fcnk\u00fc bayram da anlad\u0131m ki Aziz Abi&#8217;nin etraf\u0131nda umdu\u011fumdan \u00e7ok Kad\u0131 Pervane var. Bense hem \u0130zmir&#8217;i hem de O&#8217;nu seviyorum, korkuyorum!<br \/>\r\n<br \/>\r\n<b>&#8220;\u00d6rt\u00fc&#8221; size kals\u0131n, ben soka\u011fa gidiyorum<\/b><br \/>\r\n<br \/>\r\nSa\u011fc\u0131l\u0131k, solculuk, demokratl\u0131k, sosyalistlik, milliyet\u00e7ilik, muhafazak\u00e2rl\u0131k gibi &#8220;sosyal ve normal&#8221; tarafl\u0131l\u0131klar, sinir bozucu de\u011fi\u015fime bile u\u011frayabiliyor. Bu durumlarda anlay\u0131n ki, hi\u00e7 ortalarda olmayan, ad\u0131 ge\u00e7meyen ama h\u0131rs\u0131 hepimizin ya\u015fam\u0131n\u0131 olumsuz etkileyecek &#8220;tipler&#8221; &#8220;bir hedefe&#8221; y\u00f6nelik y\u00fcr\u00fcy\u00fc\u015fe ge\u00e7mi\u015flerdir. \u00d6rne\u011fin \u015fu aralar \u0130zmir&#8217;de sanki &#8220;Azizcilik&#8221; veya &#8220;Ekremcilik&#8221; ya da ba\u015fka bir acayip tarafa zorlan\u0131yoruz. Ve bunun alt\u0131nda inan\u0131n bana yakla\u015fan milletvekili se\u00e7iminde ya da ondan sonra yap\u0131lacak yerel se\u00e7imde &#8220;bir \u015fey olmak isteyen&#8221; ama \u015fu ana kadar ad\u0131 yaz\u0131lmayan &#8220;muhteremler&#8221; yat\u0131yor. <br \/>\r\nBen &#8220;Azizci&#8221; ya da &#8220;Ekremci&#8221; olacak kadar &#8220;cahil&#8221; de\u011filim. Aziz Kocao\u011flu&#8217;nun da Ekrem Demirta\u015f&#8217;\u0131n da b\u00f6yle bir &#8220;taraf politikas\u0131na&#8221; ihtiya\u00e7 duyacak acizlikte insanlar olmad\u0131\u011f\u0131na da inan\u0131yorum. Hatta b\u00f6ylesine tarafl\u0131l\u0131klar\u0131n en ba\u015fta onlara b\u00fcy\u00fck zarar getirece\u011fin d\u00fc\u015f\u00fcn\u00fcyorum. Daha \u00f6nce de yazd\u0131m, ben \u0130zmir&#8217;in &#8220;daha dolu&#8221; konular\u0131 konu\u015fmas\u0131n\u0131 bekliyorum. Ben art\u0131k &#8220;sokaklar\u0131&#8221; gidiyorum. \u00c7\u00fcnk\u00fc sokaklarda kimse, kimsenin y\u00fcz\u00fcne g\u00fcl\u00fcp, elinden ekme\u011fini almaya \u00e7al\u0131\u015fm\u0131yor. \u00c7\u00fcnk\u00fc sokaklarda hala insanl\u0131k var. Sokaklarda hala d\u00fc\u015f\u00fcnd\u00fc\u011f\u00fcn\u00fc do\u011frudan s\u00f6yleyecek kadar y\u00fcce ki\u015filikli yurtta\u015flar var. Ve o yurtta\u015flar o &#8220;\u00f6rt\u00fcy\u00fc&#8221; ucundan tutup kald\u0131rmaya ba\u015flad\u0131 bile. <br \/>\r\n<br \/>\r\n<b>Deprem korkusu \u0130zmir&#8217;in suskunlu\u011fu<\/b><br \/>\r\n<br \/>\r\n\u0130stanbul&#8217;u yine deprem korkusu ald\u0131. &#8220;Ulusal&#8221; yay\u0131n yapt\u0131\u011f\u0131n\u0131 iddia eden televizyonlar da, bir g\u00fczel &#8220;\u0130stanbul&#8217;un yerel kanal\u0131&#8221; olduklar\u0131n\u0131 kan\u0131tlad\u0131lar. Ma\u015fallah hepsi haberlerine &#8220;\u0130stanbul&#8217;da deprem olacak m\u0131?&#8221; sorusuyla ba\u015fl\u0131yorlar. Biz de \u0130zmir&#8217;de oturup, &#8220;\u0130stanbul depremini&#8221; \u00f6\u011freniyoruz. Sanki \u0130zmir&#8217;in riski yokmu\u015f gibi! Ancak izliyorum da, bizde &#8220;t\u0131k&#8221; yok! Ne oldu \u0130zmir&#8217;in &#8220;deprem \u00e7al\u0131\u015fmalar\u0131&#8221;? Ankara&#8217;dan \u0130zmir&#8217;e de, t\u0131pk\u0131 \u0130stanbul&#8217;a g\u00f6sterildi\u011fi gibi &#8220;ilgi&#8221; g\u00f6steriliyor mu? Hani nerede \u0130zmir&#8217;in ba\u015fta AKP&#8217;li olmak \u00fczere milletvekilleri? Yok mu o milletvekillerinin \u0130zmir&#8217;de oturan yak\u0131nlar\u0131, sevdikleri, akrabalar\u0131? Ne acayip bir kent olduk b\u00f6yle. \u0130stanbul &#8220;tek y\u00fcrek&#8221; olmu\u015f, belki de ger\u00e7ekten yakla\u015fan depremi konu\u015fuyor, \u0130zmir ise daha bir y\u0131l \u00f6nce ya\u015fad\u0131\u011f\u0131m\u0131z korkuya ra\u011fmen ne kadar i\u00e7i bo\u015f mesele ve tart\u0131\u015fma varsa onlarla u\u011fra\u015f\u0131yor. Ne diyeyim ki, Allah topumuzu \u0131slah etsin! <br \/>\r\n<br \/>\r\n<b>Ba\u015fkan Tun\u00e7a\u011f &#8220;fark\u0131&#8221;!<\/b><br \/>\r\n<br \/>\r\nCumhuriyet Bayram\u0131 nedeniyle \u00dc\u00e7yol&#8217;a \u00e7ok g\u00fczel bir \u015fey yapt\u0131 Konak Belediyesi. Ebedi \u015eef&#8217;imizin resimleri aras\u0131ndan \u0130zmirlilerin &#8220;Cumhuriyet Bayram\u0131&#8217;n\u0131&#8221; kutlad\u0131. Lakin bir yanl\u0131\u015fla. Cumhuriyet&#8217;in 83. y\u0131l\u0131 olmas\u0131na ra\u011fmen, Belediye kutlamas\u0131nda &#8220;84&#8221; yaz\u0131yordu. Bu yanl\u0131\u015f\u0131 da 9 ya\u015f\u0131nda bir \u00e7ocuk fark etti. Evet, sadece 9 ya\u015f\u0131nda bir \u00e7ocuk. Ve bu \u00e7ocuk bir yolunu bulup Konak Belediye Ba\u015fkan\u0131 Muzaffer Tun\u00e7a\u011f&#8217;a ula\u015ft\u0131.<br \/>\r\n\u015eimdi s\u0131k\u0131 durun. Ba\u015fkan &#8220;b\u00fcy\u00fckl\u00fck&#8221; taslamad\u0131 bu \u00e7ocu\u011fa. 9 ya\u015f\u0131ndaki \u00e7ocu\u011fu &#8220;ciddiye&#8221; al\u0131p, yanl\u0131\u015f\u0131 d\u00fczelttirdi. \u015eimdi \u00dc\u00e7yol&#8217;da Cumhuriyet 83. y\u0131l\u0131 kutlan\u0131yor. <br \/>\r\nBu olay \u00f6nemlidir. Halkla ili\u015fkilerin iyiden iyiye &#8220;\u00e7eli\u015fkiye&#8221; d\u00f6nd\u00fc\u011f\u00fc, insanlar aras\u0131 m\u00fcnasebetlerin ranta dayad\u0131\u011f\u0131, selam\u0131n bile &#8220;\u00e7\u0131kar&#8221; h\u0131rs\u0131ndan verildi\u011fi g\u00fcn\u00fcm\u00fczde bir belediye ba\u015fkan\u0131n\u0131n b\u00f6ylesine &#8220;s\u0131ra d\u0131\u015f\u0131&#8221; davranmas\u0131 takdire de\u011ferdir. Belki abart\u0131yorum ama bu olay benim, \u00f6zellikle mezarl\u0131k rezaletlerinden sonra &#8220;g\u00fcl\u00fcmsememe&#8221; yol a\u00e7t\u0131 ve sizinle payla\u015fmak istedim. <br \/>\r\n<br \/>\r\n<b>Vergi dairesi &#8220;ac\u0131 biber&#8221; s\u00fcrer mi?<\/b><br \/>\r\n<br \/>\r\nMilliyet Ege&#8217;de ge\u00e7en g\u00fcn yay\u0131mlanan bir habere g\u00f6re \u0130zmir&#8217;deki vergi denetmenleri i\u015fi g\u00fcc\u00fc b\u0131rakm\u0131\u015f, yurtta\u015f\u0131n faiziler uygunken banka kredisiyle ald\u0131\u011f\u0131 evlere takm\u0131\u015f. Ev alan yurtta\u015flar\u0131 vergi dairelerine &#8220;\u00e7a\u011f\u0131r\u0131p&#8221; sorgudan ge\u00e7iriyorlarm\u0131\u015f. Hat\u0131rl\u0131yorum da \u0130zmir Vergi Dairesi daha \u00f6nce de &#8220;yeni evlenenlerin&#8221; pe\u015fine d\u00fc\u015fm\u00fc\u015ft\u00fc. Mustafa Bulut&#8217;u g\u00f6rsem soraca\u011f\u0131m ama bu &#8220;davet&#8221; i\u015fine takt\u0131m ben. E\u011fer bunda &#8220;ger\u00e7ekten&#8221; bir devlet \u00e7\u0131kar\u0131 varsa, bu daha &#8220;uygar&#8221; yap\u0131lamaz m\u0131? Yani vatanda\u015fa telefon a\u00e7\u0131l\u0131r, evine gidilir. Ama mutlaka &#8220;g\u00fcler y\u00fcz&#8221; g\u00f6sterilir ve i\u015f &#8220;sorgulama&#8221; olmadan yap\u0131l\u0131r. Yurtta\u015f\u0131 &#8220;aya\u011fa&#8221; \u00e7a\u011f\u0131rman\u0131n bu \u00e7a\u011f y\u00f6ntemleriyle de\u011fil &#8220;ba\u015fka&#8221; \u00e7a\u011flar\u0131n y\u00f6ntemleriyle ili\u015fkisi var bence. \u00d6te yandan hani sormadan edemeyece\u011fim, \u0130zmir Vergi Dairesi &#8220;her t\u00fcrl\u00fc&#8221; vergi ka\u00e7a\u011f\u0131n\u0131 \u00f6nledi de i\u015f, vatanda\u015f\u0131n evine e\u015fyas\u0131na m\u0131 geldi? Bir de &#8220;davet mektubuna&#8221; uymayana, Mustafa Bulut ne yapar ki? Sa\u011f elinin ba\u015fparma\u011f\u0131n\u0131 sallayarak &#8220;\u0131\u0131\u0131\u0131\u0131\u0131\u0131\u0131&#8221; m\u0131 der yoksa gelmeyenin a\u011fz\u0131na ac\u0131 biber mi s\u00fcrer? <br \/>\r\n<br \/>\r\n<b>E.\u00dc. Acil Servis b\u0131kt\u0131rd\u0131<\/b><br \/>\r\n<br \/>\r\nS\u00f6z\u00fcm ona g\u00fcya art\u0131k \u00fclkemin hastanelerinde &#8220;hasta haklar\u0131&#8221; var de\u011fil mi? Bo\u015f verin siz bunlar\u0131. Aytun \u00c7\u0131ray&#8217;la bir &#8220;muhabbetim&#8221; olsa soraca\u011f\u0131m bu rezaleti. 13 Ekim 2006 tarihi saat 11.00 dolaylar\u0131nda Ege \u00dcniversitesi hastanesi Acil Servisi&#8217;nde \u00f6yle bir olay ya\u015fand\u0131 ki, az daha can gidecekti. Ayr\u0131nt\u0131lar\u0131 daha sonra yazaca\u011f\u0131m. Art\u0131k sevgili \u00dclk\u00fc Bay\u0131nd\u0131r hocamdan randevu da beklemiyorum. Ama hastanenin say\u0131n ba\u015fhekimine bir \u00e7ift s\u00f6z\u00fcm var: \u015eartlar ne olursa olsun, insan ya\u015fam\u0131 &#8220;san\u0131ld\u0131\u011f\u0131&#8221; kadar &#8220;ucuz&#8221; de\u011fildir! <br \/>\r\n<br \/>\r\n<b>Te\u015fekk\u00fcr ederim!<\/b><br \/>\r\n<br \/>\r\nTelevizyonda 4 y\u0131l 5 ay ve 7 g\u00fcn yapmaya \u00e7al\u0131\u015ft\u0131\u011f\u0131m &#8220;Sabah Resimleri&#8221; program\u0131m\u0131m sona ereli bir ay\u0131 ge\u00e7ti. Ve biz televizyoncular hep &#8220;buza yazd\u0131\u011f\u0131m\u0131z\u0131&#8221; ve ekranda olmad\u0131\u011f\u0131m\u0131z s\u00fcrelerde unutuldu\u011fumuza inan\u0131r\u0131z. Allah her televizyoncu meslekta\u015f\u0131ma, bayramda benim ya\u015fad\u0131klar\u0131m\u0131 nasip etsin. &#8220;Sabah resimleri m\u00fcdavimleri&#8221; cep mesajlar\u0131yla, telefonlar\u0131yla, e-postalar\u0131yla, sokakta, otob\u00fcste, metroda unutulmad\u0131\u011f\u0131m\u0131z\u0131 hat\u0131rlat\u0131p durdular. TV&#8217;deki izleyenlerimin \u015fimdi birer www.kentyasam.com ve Yenig\u00fcn Gazetesi okuru olduklar\u0131n\u0131 \u00f6\u011frenmekten \u00e7ok duyguland\u0131m. Hele kan\u0131tlarcas\u0131na \u00e7antalar\u0131ndan \u00e7\u0131kard\u0131klar\u0131 gazeteleri g\u00f6rmekten de mutlu oldum. Bir k\u00f6\u015fe yazar\u0131 olarak, ilk kez &#8220;k\u00f6\u015femi imzalamaktan da&#8221; acayip havaya girdim. Ne diyeyim, te\u015fekk\u00fcr ederim!<h3>Related Images:<\/h3>","protected":false},"excerpt":{"rendered":"<div class=\"mh-excerpt\"><p>Bayram\u0131 &#8220;mezarl\u0131klar\u0131&#8221; yazarak ge\u00e7irdik. Ula\u015f\u0131m\u0131n &#8220;bedava&#8221; olu\u015fundan kaynaklanan yakla\u015f\u0131m ve davran\u0131\u015f yanl\u0131\u015flar\u0131n\u0131, hatta \u00f6yk\u00fcle\u015fen tats\u0131zl\u0131klar\u0131 yazmayaca\u011f\u0131m. Ama kimse kusura kalmas\u0131n, zaman zaman soka\u011fa \u00e7\u0131kmak bile <a class=\"mh-excerpt-more\" href=\"https:\/\/kentyasam.com.tr\/wp\/2006\/10\/27\/izmire-karagozu-izlet-aziz-bey\/\" title=\"\u0130zmir&#8217;e Karag\u00f6z&#8217;\u00fc izlet Aziz Bey!\">[&#8230;]<\/a><\/p>\n<\/div>","protected":false},"author":1,"featured_media":0,"comment_status":"open","ping_status":"open","sticky":false,"template":"","format":"standard","meta":{"ngg_post_thumbnail":0,"footnotes":""},"categories":[30],"tags":[],"_links":{"self":[{"href":"https:\/\/kentyasam.com.tr\/wp\/wp-json\/wp\/v2\/posts\/100996"}],"collection":[{"href":"https:\/\/kentyasam.com.tr\/wp\/wp-json\/wp\/v2\/posts"}],"about":[{"href":"https:\/\/kentyasam.com.tr\/wp\/wp-json\/wp\/v2\/types\/post"}],"author":[{"embeddable":true,"href":"https:\/\/kentyasam.com.tr\/wp\/wp-json\/wp\/v2\/users\/1"}],"replies":[{"embeddable":true,"href":"https:\/\/kentyasam.com.tr\/wp\/wp-json\/wp\/v2\/comments?post=100996"}],"version-history":[{"count":0,"href":"https:\/\/kentyasam.com.tr\/wp\/wp-json\/wp\/v2\/posts\/100996\/revisions"}],"wp:attachment":[{"href":"https:\/\/kentyasam.com.tr\/wp\/wp-json\/wp\/v2\/media?parent=100996"}],"wp:term":[{"taxonomy":"category","embeddable":true,"href":"https:\/\/kentyasam.com.tr\/wp\/wp-json\/wp\/v2\/categories?post=100996"},{"taxonomy":"post_tag","embeddable":true,"href":"https:\/\/kentyasam.com.tr\/wp\/wp-json\/wp\/v2\/tags?post=100996"}],"curies":[{"name":"wp","href":"https:\/\/api.w.org\/{rel}","templated":true}]}}