{"id":100920,"date":"2004-07-27T00:00:00","date_gmt":"2004-07-27T00:00:00","guid":{"rendered":"http:\/\/kentyasam.com.tr\/wp\/?p=100920"},"modified":"2004-07-27T00:00:00","modified_gmt":"2004-07-27T00:00:00","slug":"mostarda-izmir-esintisi","status":"publish","type":"post","link":"https:\/\/kentyasam.com.tr\/wp\/2004\/07\/27\/mostarda-izmir-esintisi\/","title":{"rendered":"Mostar&#8217;da \u0130zmir Esintisi"},"content":{"rendered":"\u0130zmir Bosna Hersek Fahri Konsoloslu\u011fu, 19 &#8211; 26 temmuz tarihleri aras\u0131nda Bosna Hersek&#8217;e bir gezi d\u00fczenledi. Bu gezi, turistik bir gezinin \u00f6tesinde bir anlam ta\u015f\u0131yor. Gezi, bir H\u0131rvat top\u00e7usunun ate\u015fine kadar, 427 y\u0131l boyunca ayakta kalmay\u0131 ba\u015farm\u0131\u015f Mostar K\u00f6pr\u00fcs\u00fc&#8217;n\u00fcn 23 temmuzda yeniden a\u00e7\u0131l\u0131\u015f\u0131n\u0131n yap\u0131laca\u011f\u0131 tarihi t\u00f6reni de kaps\u0131yor.<br \/>\r\n<br \/>\r\n\u0130zmir&#8217;in Bosna Hersek Fahri Konsolosu \u0130zmirlilerin \u00e7ok yak\u0131ndan tan\u0131d\u0131\u011f\u0131 bir isim, Kemal Baysak. \u00dclkenin d\u00fcnyada fahri konsolosluk verdi\u011fi ilk ve tek ki\u015fi olan Baysak, Bosna Hersek&#8217;e yapt\u0131\u011f\u0131 hemen her ziyarette cumhurba\u015fkan\u0131, ba\u015fbakan ya da gitti\u011fi kentin en \u00fcst d\u00fczey yetkilisi taraf\u0131ndan kar\u015f\u0131lanan ve halk\u0131n da yak\u0131ndan tan\u0131d\u0131\u011f\u0131 bir isim.<br \/>\r\n<br \/>\r\nBaysak, Mostar K\u00f6pr\u00fcs\u00fc&#8217;n\u00fcn a\u00e7\u0131l\u0131\u015f\u0131na da, a\u00e7\u0131l\u0131\u015f program\u0131n\u0131n ev sahibi olan Mostar Belediye Ba\u015fkan\u0131 taraf\u0131ndan bizzat davet edilmi\u015f. T\u00fcrkiye, Mostar K\u00f6pr\u00fcs\u00fc&#8217;n\u00fcn a\u00e7\u0131l\u0131\u015f\u0131nda ba\u015fbakanl\u0131k d\u00fczeyinde temsil ediliyor. Baysak, d\u00fczenledikleri gezi gurubunda yakla\u015f\u0131k y\u00fcz ziyaret\u00e7inin bulundu\u011funu, ancak T\u00fcrkiye&#8217;nin her yerinden seyahat acentalar\u0131 arac\u0131l\u0131\u011f\u0131yla \u00e7ok say\u0131da Bo\u015fnak&#8217;\u0131n Mostar&#8217;da yer alaca\u011f\u0131n\u0131 s\u00f6yl\u00fcyor.<br \/>\r\n<br \/>\r\nA\u00e7\u0131l\u0131\u015f\u0131n Bo\u015fnaklar i\u00e7in, neden bu kadar \u00f6nemli oldu\u011funu sordu\u011fumuzda Kemal Baysak \u015f\u00f6yle yan\u0131t veriyor:<br \/>\r\n<br \/>\r\n&#8220;Mostar K\u00f6pr\u00fcs\u00fc, Bo\u015fnaklar i\u00e7in do\u011fu ve bat\u0131y\u0131 birbirine ba\u011flayan, ayr\u0131 din ve dillerden insanlar\u0131 birbirine yak\u0131nla\u015ft\u0131ran, dostlu\u011fu ifade eden ve 427 y\u0131l boyunca ayakta kalmay\u0131 ba\u015farm\u0131\u015f bir eser. Mimar Sinan&#8217;\u0131n \u00f6\u011frencisi Mimar Hayrettin taraf\u0131ndan yap\u0131lm\u0131\u015f. O devirde 7 y\u0131lda tamamlanabilmi\u015f k\u00f6pr\u00fc, tek kemerli yap\u0131s\u0131yla bir m\u00fchendislik harikas\u0131. Bosna Hersek&#8217;e giden herkesin k\u00f6pr\u00fcy\u00fc g\u00f6rmek idealidir. K\u00f6pr\u00fc, Osmanl\u0131 \u0130mparatorlu\u011fu&#8217;nun Orta Avrupa&#8217;da bug\u00fcne kadar ayakta kalabilmeyi ba\u015farm\u0131\u015f eserlerinden birisi. D\u00fcnyan\u0131n her yerine da\u011f\u0131lm\u0131\u015f Bo\u015fnaklar i\u00e7in k\u00f6pr\u00fcn\u00fcn yeniden ayakta oldu\u011funu g\u00f6rmek bir idol, bir sembol. &#8216;Biz Bosna Hersek&#8217;te var\u0131z ve sonsuza kadar varolaca\u011f\u0131z&#8217; s\u00f6yleminin bir ifadesi. Bizden bir eser. 9 Kas\u0131m 1993&#8217;te bir H\u0131rvat top\u00e7usunun ate\u015fiyle y\u0131k\u0131lan bu simge olmu\u015f eser, d\u00fcnyaya yeniden dostluk mesaj\u0131 verecek.&#8221;<br \/>\r\n<br \/>\r\nBaysak, k\u0131sa bir s\u00fcre \u00f6nce kurulan ve merkezi \u0130zmir&#8217;de olan Bosna Hersek K\u00fclt\u00fcr Dernekleri Federasyonu&#8217;nun da Y\u00f6netim Kurulu Ba\u015fkan\u0131. \u0130ki \u00fclke halklar\u0131 aras\u0131nda k\u00fclt\u00fcrel, ekonomik, sosyal ili\u015fkilerin geli\u015ftirilmesi amac\u0131yla kurulan federasyonun ba\u015fkan\u0131, \u0130zmir&#8217;in Mostar&#8217;da \u00f6zel bir yeri oldu\u011funu da vurguluyor.<br \/>\r\n<br \/>\r\n\u0130zmir Ticaret Odas\u0131 ile Ege B\u00f6lgesi Sanayi Odas\u0131&#8217;n\u0131n Bosna Hersek&#8217;in Ekonomi Odas\u0131&#8217;yla karde\u015f oda olmas\u0131ndan mutluluk duydu\u011funu s\u00f6yleyen Baysak, &#8220;Bosna Hersek&#8217;le \u00fclkemiz aras\u0131ndaki ticari ili\u015fkilerde iki y\u0131ld\u0131r olumlu geli\u015fmeler var ancak yeterli d\u00fczeyde de\u011fil. Daha \u00e7ok end\u00fcstriyel malzemeler, mobilya ve yayl\u0131 yataklar konusunda yo\u011funla\u015ft\u0131 ili\u015fkiler&#8221; diyor.<br \/>\r\n<br \/>\r\nBaysak&#8217;\u0131n fahri konsoloslu\u011fu \u00f6ncesinde de iki \u00fclke aras\u0131ndaki ticari ili\u015fkileri geli\u015ftirmek i\u00e7in g\u00f6sterdi\u011fi \u00e7aba sanayiciler taraf\u0131ndan bilinen bir ger\u00e7ek. Kemal Baysak, gezi s\u0131ras\u0131nda Zenica&#8217;daki T\u00fcrk Birli\u011fi ve belediyeler de dahil olmak \u00fczere 32 ziyaret ger\u00e7ekle\u015ftireceklerini belirtiyor.<br \/>\r\n<br \/>\r\nBosna Hersek&#8217;in, T\u00fcrk ihra\u00e7 \u00fcr\u00fcnlerinin Avrupa pazar\u0131na girmesi i\u00e7in k\u00f6pr\u00fc olarak de\u011ferlendirilebilece\u011fine dikkat \u00e7eken Baysak, bu ziyaretlerin i\u015fadamlar\u0131n\u0131n bire bir diyalog kurabilmesi a\u00e7\u0131s\u0131ndan da yararl\u0131 olaca\u011f\u0131 inanc\u0131nda. Umar\u0131z Mostar K\u00f6pr\u00fc&#8217;s\u00fc a\u00e7\u0131ld\u0131ktan sonra y\u00fczy\u0131llar boyunca oldu\u011fu gibi yeniden uluslar aras\u0131nda dostlu\u011fun, bar\u0131\u015f\u0131n simgesi olur.<br \/>\r\n<br \/>\r\nVe umar\u0131z, \u0130zmir&#8217;den Mostar&#8217;a kadar uzanan bu s\u0131cak dost eli, ticari ve turistik ili\u015fkilerin daha da geli\u015fmesinde bir k\u00f6pr\u00fc g\u00f6revi g\u00f6r\u00fcr.<h3>Related Images:<\/h3>","protected":false},"excerpt":{"rendered":"<div class=\"mh-excerpt\"><p>\u0130zmir Bosna Hersek Fahri Konsoloslu\u011fu, 19 &#8211; 26 temmuz tarihleri aras\u0131nda Bosna Hersek&#8217;e bir gezi d\u00fczenledi. Bu gezi, turistik bir gezinin \u00f6tesinde bir anlam ta\u015f\u0131yor. <a class=\"mh-excerpt-more\" href=\"https:\/\/kentyasam.com.tr\/wp\/2004\/07\/27\/mostarda-izmir-esintisi\/\" title=\"Mostar&#8217;da \u0130zmir Esintisi\">[&#8230;]<\/a><\/p>\n<\/div>","protected":false},"author":1,"featured_media":0,"comment_status":"open","ping_status":"open","sticky":false,"template":"","format":"standard","meta":{"ngg_post_thumbnail":0,"footnotes":""},"categories":[18],"tags":[],"_links":{"self":[{"href":"https:\/\/kentyasam.com.tr\/wp\/wp-json\/wp\/v2\/posts\/100920"}],"collection":[{"href":"https:\/\/kentyasam.com.tr\/wp\/wp-json\/wp\/v2\/posts"}],"about":[{"href":"https:\/\/kentyasam.com.tr\/wp\/wp-json\/wp\/v2\/types\/post"}],"author":[{"embeddable":true,"href":"https:\/\/kentyasam.com.tr\/wp\/wp-json\/wp\/v2\/users\/1"}],"replies":[{"embeddable":true,"href":"https:\/\/kentyasam.com.tr\/wp\/wp-json\/wp\/v2\/comments?post=100920"}],"version-history":[{"count":0,"href":"https:\/\/kentyasam.com.tr\/wp\/wp-json\/wp\/v2\/posts\/100920\/revisions"}],"wp:attachment":[{"href":"https:\/\/kentyasam.com.tr\/wp\/wp-json\/wp\/v2\/media?parent=100920"}],"wp:term":[{"taxonomy":"category","embeddable":true,"href":"https:\/\/kentyasam.com.tr\/wp\/wp-json\/wp\/v2\/categories?post=100920"},{"taxonomy":"post_tag","embeddable":true,"href":"https:\/\/kentyasam.com.tr\/wp\/wp-json\/wp\/v2\/tags?post=100920"}],"curies":[{"name":"wp","href":"https:\/\/api.w.org\/{rel}","templated":true}]}}