{"id":10071,"date":"2007-10-14T00:00:00","date_gmt":"2007-10-14T00:00:00","guid":{"rendered":"http:\/\/kentyasam.com.tr\/wp\/?p=10071"},"modified":"2007-10-14T00:00:00","modified_gmt":"2007-10-14T00:00:00","slug":"esrefpasa-hastanesi-ornek-olacak","status":"publish","type":"post","link":"https:\/\/kentyasam.com.tr\/wp\/2007\/10\/14\/esrefpasa-hastanesi-ornek-olacak\/","title":{"rendered":"E\u015frefpa\u015fa Hastanesi &#8220;\u00f6rnek&#8221; olacak"},"content":{"rendered":"\u0130zmir B\u00fcy\u00fck\u015fehir Belediyesi E\u015frefpa\u015fa Hastanesi&#8217;nin ba\u015ftan a\u015fa\u011f\u0131 yenilendi\u011fi, ge\u00e7ti\u011fimiz A\u011fustos ay\u0131nda yap\u0131m\u0131na ba\u015flanan yeni hizmet binas\u0131 in\u015faat\u0131n\u0131n tamamland\u0131\u011f\u0131 belirtildi. Sistemlerin devreye al\u0131nmas\u0131 i\u00e7in test \u00e7al\u0131\u015fmalar\u0131 ile \u00e7evre d\u00fczenlemesi \u00e7al\u0131\u015fmalar\u0131 devam eden binan\u0131n, \u00e7ok yak\u0131nda hizmete a\u00e7\u0131laca\u011f\u0131 dile getirildi. \u0130n\u015faat \u00e7al\u0131\u015fmalar\u0131n\u0131 denetleyen \u0130zmir B\u00fcy\u00fck\u015fehir Belediye Ba\u015fkan\u0131 Aziz Kocao\u011flu, E\u015frefpa\u015fa Hastanesi&#8217;nin t\u00fcm \u0130zmirlilerin sa\u011fl\u0131k sorunlar\u0131na e\u011fildi\u011fini belirtti. Kocao\u011flu, &#8220;E\u015frefpa\u015fa Hastanemiz 32 bran\u015fta sosyal g\u00fcvencesi olmayan hastalar\u0131m\u0131z dahil, sa\u011fl\u0131k sorunlar\u0131 olan t\u00fcm \u0130zmirlileri kucakl\u0131yor. Yeni ameliyathanelerimizden sonra, \u015fimdi de yeni binam\u0131zda, \u00e7ok daha modern ko\u015fullarda sa\u011fl\u0131k hizmeti verece\u011fiz. \u0130zmirlilerin derdine derman olaca\u011f\u0131z&#8221; dedi. E\u015frefpa\u015fa Hastanesi&#8217;nin yeni binas\u0131, olas\u0131 bir deprem durumunda &#8220;tam kapasiteli acil hastane&#8221; olarak t\u00fcm ihtiya\u00e7lara cevap verebilecek \u015fekilde tasarland\u0131. Yatak say\u0131s\u0131 250&#8217;ye \u00e7\u0131kar\u0131lacak hastanedeki eski laboratuar binas\u0131 da bo\u015falt\u0131larak, sokak \u00e7ocuklar\u0131n\u0131n e\u011fitim g\u00f6rece\u011fi bir merkez haline getirilecek.<h3>Related Images:<\/h3>","protected":false},"excerpt":{"rendered":"<div class=\"mh-excerpt\"><p>\u0130zmir B\u00fcy\u00fck\u015fehir Belediyesi E\u015frefpa\u015fa Hastanesi&#8217;nin ba\u015ftan a\u015fa\u011f\u0131 yenilendi\u011fi, ge\u00e7ti\u011fimiz A\u011fustos ay\u0131nda yap\u0131m\u0131na ba\u015flanan yeni hizmet binas\u0131 in\u015faat\u0131n\u0131n tamamland\u0131\u011f\u0131 belirtildi. Sistemlerin devreye al\u0131nmas\u0131 i\u00e7in test \u00e7al\u0131\u015fmalar\u0131 <a class=\"mh-excerpt-more\" href=\"https:\/\/kentyasam.com.tr\/wp\/2007\/10\/14\/esrefpasa-hastanesi-ornek-olacak\/\" title=\"E\u015frefpa\u015fa Hastanesi &#8220;\u00f6rnek&#8221; olacak\">[&#8230;]<\/a><\/p>\n<\/div>","protected":false},"author":1,"featured_media":34484,"comment_status":"open","ping_status":"open","sticky":false,"template":"","format":"standard","meta":{"ngg_post_thumbnail":0,"footnotes":""},"categories":[1],"tags":[],"_links":{"self":[{"href":"https:\/\/kentyasam.com.tr\/wp\/wp-json\/wp\/v2\/posts\/10071"}],"collection":[{"href":"https:\/\/kentyasam.com.tr\/wp\/wp-json\/wp\/v2\/posts"}],"about":[{"href":"https:\/\/kentyasam.com.tr\/wp\/wp-json\/wp\/v2\/types\/post"}],"author":[{"embeddable":true,"href":"https:\/\/kentyasam.com.tr\/wp\/wp-json\/wp\/v2\/users\/1"}],"replies":[{"embeddable":true,"href":"https:\/\/kentyasam.com.tr\/wp\/wp-json\/wp\/v2\/comments?post=10071"}],"version-history":[{"count":0,"href":"https:\/\/kentyasam.com.tr\/wp\/wp-json\/wp\/v2\/posts\/10071\/revisions"}],"wp:featuredmedia":[{"embeddable":true,"href":"https:\/\/kentyasam.com.tr\/wp\/wp-json\/wp\/v2\/media\/34484"}],"wp:attachment":[{"href":"https:\/\/kentyasam.com.tr\/wp\/wp-json\/wp\/v2\/media?parent=10071"}],"wp:term":[{"taxonomy":"category","embeddable":true,"href":"https:\/\/kentyasam.com.tr\/wp\/wp-json\/wp\/v2\/categories?post=10071"},{"taxonomy":"post_tag","embeddable":true,"href":"https:\/\/kentyasam.com.tr\/wp\/wp-json\/wp\/v2\/tags?post=10071"}],"curies":[{"name":"wp","href":"https:\/\/api.w.org\/{rel}","templated":true}]}}