{"id":10022,"date":"2007-10-06T00:00:00","date_gmt":"2007-10-06T00:00:00","guid":{"rendered":"http:\/\/kentyasam.com.tr\/wp\/?p=10022"},"modified":"2007-10-06T00:00:00","modified_gmt":"2007-10-06T00:00:00","slug":"gureli-gecici-zeytinyagi-ithalati-istiyoruz","status":"publish","type":"post","link":"https:\/\/kentyasam.com.tr\/wp\/2007\/10\/06\/gureli-gecici-zeytinyagi-ithalati-istiyoruz\/","title":{"rendered":"G\u00fcreli : Ge\u00e7ici zeytinya\u011f\u0131 ithalat\u0131 istiyoruz"},"content":{"rendered":"Ege Zeytin ve Zeytinya\u011f\u0131 \u0130hracat\u00e7\u0131lar\u0131 Birli\u011fi Y\u00f6netim Kurulu Ba\u015fkan\u0131 Ali Nedim G\u00fcreli, d\u00fcnya pazarlar\u0131nda T\u00fcrk zeytinya\u011f\u0131 ihracat\u00e7\u0131lar\u0131n\u0131n konumlar\u0131n\u0131 koruyabilmesi i\u00e7in bir y\u0131l s\u00fcreyle dahilde i\u015fleme rejimi kapsam\u0131nda zeytinya\u011f\u0131 ithalat\u0131 istediklerini s\u00f6yledi. G\u00fcreli, D\u0131\u015f Ticaret M\u00fcste\u015farl\u0131\u011f\u0131&#8217;na taleplerini ilettikten sonra ba\u015fta TAR\u0130\u015e Zeytin ve Zeytinya\u011f\u0131 Kooperatifleri Ba\u015fkan\u0131 Cahit \u00c7etin olmak \u00fczere baz\u0131 \u00e7evrelerin tepkisiyle kar\u015f\u0131la\u015ft\u0131klar\u0131n\u0131 anlatt\u0131. Ayi Nedim G\u00fcreli, &#8220;Biz kar amaj\u0131yla ticaret yapan i\u015fletmeleriz. \u015eu anda T\u00fcrkiye&#8217;de zeytinya\u011f\u0131 \u0130spanya&#8217;dan y\u00fczde 10, Suriye&#8217;den y\u00fczde 20 daha pahal\u0131. Bu \u015fartlarda ihracat\u00e7\u0131lar\u0131m\u0131z\u0131n i\u015flerini devam ettirebilmeleri m\u00fcmk\u00fcn de\u011fil. Ayakta kalabilmek i\u00e7in kutulu, ambalajl\u0131 zeytinya\u011f\u0131 ihracat\u0131nda pazarlar\u0131m\u0131z\u0131 kaybetmemek i\u00e7in Dahilde \u0130\u015fleme Rejimi kapsam\u0131nda bir y\u0131ll\u0131k zeytinya\u011f\u0131 ithalat\u0131 talep ediyoruz&#8221; dedi.<h3>Related Images:<\/h3>","protected":false},"excerpt":{"rendered":"<div class=\"mh-excerpt\"><p>Ege Zeytin ve Zeytinya\u011f\u0131 \u0130hracat\u00e7\u0131lar\u0131 Birli\u011fi Y\u00f6netim Kurulu Ba\u015fkan\u0131 Ali Nedim G\u00fcreli, d\u00fcnya pazarlar\u0131nda T\u00fcrk zeytinya\u011f\u0131 ihracat\u00e7\u0131lar\u0131n\u0131n konumlar\u0131n\u0131 koruyabilmesi i\u00e7in bir y\u0131l s\u00fcreyle dahilde i\u015fleme <a class=\"mh-excerpt-more\" href=\"https:\/\/kentyasam.com.tr\/wp\/2007\/10\/06\/gureli-gecici-zeytinyagi-ithalati-istiyoruz\/\" title=\"G\u00fcreli : Ge\u00e7ici zeytinya\u011f\u0131 ithalat\u0131 istiyoruz\">[&#8230;]<\/a><\/p>\n<\/div>","protected":false},"author":1,"featured_media":34448,"comment_status":"open","ping_status":"open","sticky":false,"template":"","format":"standard","meta":{"ngg_post_thumbnail":0,"footnotes":""},"categories":[1],"tags":[],"_links":{"self":[{"href":"https:\/\/kentyasam.com.tr\/wp\/wp-json\/wp\/v2\/posts\/10022"}],"collection":[{"href":"https:\/\/kentyasam.com.tr\/wp\/wp-json\/wp\/v2\/posts"}],"about":[{"href":"https:\/\/kentyasam.com.tr\/wp\/wp-json\/wp\/v2\/types\/post"}],"author":[{"embeddable":true,"href":"https:\/\/kentyasam.com.tr\/wp\/wp-json\/wp\/v2\/users\/1"}],"replies":[{"embeddable":true,"href":"https:\/\/kentyasam.com.tr\/wp\/wp-json\/wp\/v2\/comments?post=10022"}],"version-history":[{"count":0,"href":"https:\/\/kentyasam.com.tr\/wp\/wp-json\/wp\/v2\/posts\/10022\/revisions"}],"wp:featuredmedia":[{"embeddable":true,"href":"https:\/\/kentyasam.com.tr\/wp\/wp-json\/wp\/v2\/media\/34448"}],"wp:attachment":[{"href":"https:\/\/kentyasam.com.tr\/wp\/wp-json\/wp\/v2\/media?parent=10022"}],"wp:term":[{"taxonomy":"category","embeddable":true,"href":"https:\/\/kentyasam.com.tr\/wp\/wp-json\/wp\/v2\/categories?post=10022"},{"taxonomy":"post_tag","embeddable":true,"href":"https:\/\/kentyasam.com.tr\/wp\/wp-json\/wp\/v2\/tags?post=10022"}],"curies":[{"name":"wp","href":"https:\/\/api.w.org\/{rel}","templated":true}]}}